{"id":6118,"date":"2021-10-27T14:59:26","date_gmt":"2021-10-27T14:59:26","guid":{"rendered":"http:\/\/www.radiolimari.cl\/?p=6118"},"modified":"2021-10-27T14:59:26","modified_gmt":"2021-10-27T14:59:26","slug":"en-salamanca-se-ampliara-parque-fotovoltaico-con-un-sistema-de-baterias","status":"publish","type":"post","link":"https:\/\/www.radiolimari.cl\/?p=6118","title":{"rendered":"En Salamanca se ampliar\u00e1  parque fotovoltaico con un sistema de bater\u00edas"},"content":{"rendered":"<p><a href=\"https:\/\/www.radiolimari.cl\/wp-content\/uploads\/2021\/10\/Paneles-Solar.jpg\"><img fetchpriority=\"high\" decoding=\"async\" class=\"alignnone size-medium wp-image-6119\" src=\"https:\/\/www.radiolimari.cl\/wp-content\/uploads\/2021\/10\/Paneles-Solar-300x218.jpg\" alt=\"Paneles Solar\" width=\"300\" height=\"218\" srcset=\"https:\/\/www.radiolimari.cl\/wp-content\/uploads\/2021\/10\/Paneles-Solar-300x218.jpg 300w, https:\/\/www.radiolimari.cl\/wp-content\/uploads\/2021\/10\/Paneles-Solar.jpg 990w\" sizes=\"(max-width: 300px) 100vw, 300px\" \/><\/a><\/p>\n<p><b style=\"color: #000000;\"><i>Proyecto renovable aumentar\u00e1 su capacidad de generar energ\u00eda y almacenar\u00e1 electricidad para aportar durante las horas de mayor demanda.\u00a0<\/i><\/b><!--more--><\/p>\n<p style=\"font-weight: 400;\">La Regi\u00f3n de Coquimbo sigue sumando nueva inversi\u00f3n energ\u00e9tica, luego de que la Comisi\u00f3n de Evaluaci\u00f3n Ambiental, encabezada por el Delegado Presidencial, Ignacio Pinto, aprobara hoy la declaraci\u00f3n de ampliaci\u00f3n de un parque solar en la comuna de Salamanca.<\/p>\n<p style=\"font-weight: 400;\">\n<p style=\"font-weight: 400;\">Se trata del Proyecto Fotovoltaico Chalinga Solar, ubicado en la localidad de Chalinga, el que aumentar\u00e1 en un 15 por ciento la potencia instalada, pasando de 2,98 a 3,45 MW (equivalente al consumo anual de 3 mil viviendas) junto con incorporar un sistema de bater\u00edas de 1,5 MW de potencia y hasta 10 MWh de capacidad de almacenaje.<\/p>\n<p style=\"font-weight: 400;\">\n<p style=\"font-weight: 400;\">Lo anterior se traduce en la instalaci\u00f3n 1.092 paneles para completar un total de 8.736 m\u00f3dulos cristalinos, y un sistema de almacenamiento de tres m\u00f3dulos de bater\u00edas de ion litio. El titular del proyecto destinar\u00e1 una inversi\u00f3n de 1,5 millones de d\u00f3lares para una iniciativa que tendr\u00e1 una vida \u00fatil de 30 a\u00f1os.<\/p>\n<p style=\"font-weight: 400;\">\n<p style=\"font-weight: 400;\">El objetivo es aumentar la eficiencia de la planta solar, con lo que se incrementar\u00e1 su generaci\u00f3n el\u00e9ctrica. Por otra parte, la capacidad de almacenamiento permite desplazar los horarios de inyecci\u00f3n de la energ\u00eda, entregando una mayor flexibilidad y adaptabilidad a las necesidades del Sistema El\u00e9ctrico Nacional, un aspecto que es clave en el proceso de descarbonizaci\u00f3n de la matriz.<\/p>\n<p style=\"font-weight: 400;\">\n<p style=\"font-weight: 400;\">El Delegado Presidencial, Ignacio Pinto, destac\u00f3 que esta planta aprobada \u201cse suma a otros 32 proyectos aprobados, en energ\u00eda fotovoltaica, durante el Gobierno del Presidente Sebasti\u00e1n Pi\u00f1era en la Regi\u00f3n de Coquimbo. Seguimos liderando en generaci\u00f3n de energ\u00edas limpias y aportando a un desarrollo sustentable para la Regi\u00f3n a trav\u00e9s de este tipo de iniciativas. Dentro de la programaci\u00f3n hasta fin de a\u00f1o por lo menos tenemos alrededor de 9 proyectos que vamos a estar aprobando en distintas materias, siempre pensando en la reactivaci\u00f3n econ\u00f3mica y en el desarrollo sustentable de nuestra Regi\u00f3n\u201d.<\/p>\n<p style=\"font-weight: 400;\">\n<p style=\"font-weight: 400;\">El Seremi de Energ\u00eda, \u00c1lvaro Herrera, sostuvo que \u201cesta aprobaci\u00f3n tiene que ver con la utilizaci\u00f3n, dentro de este proyecto fotovoltaico, de bater\u00eda de ion litio que vienen a aportar energ\u00eda renovable en reemplazo de los hidrocarburos, en horas de alta demanda, como el periodo nocturno. De esta forma, nos seguimos consolidando como Regi\u00f3n y avanzando en la utilizaci\u00f3n de nuevas tecnolog\u00edas, como el almacenamiento\u201d.<\/p>\n<p style=\"font-weight: 400;\">\n<p style=\"font-weight: 400;\">Cabe mencionar que la Comisi\u00f3n de Evaluaci\u00f3n Ambiental de la Regi\u00f3n de Coquimbo registra 1.176 MW aprobados en proyectos de generaci\u00f3n el\u00e9ctrica, desde 2018 a la fecha, lo que representa una inversi\u00f3n proyectada de 943 millones de d\u00f3lares.<\/p>\n<p>&nbsp;<\/p>\n","protected":false},"excerpt":{"rendered":"<p>Proyecto renovable aumentar\u00e1 su capacidad de generar energ\u00eda y almacenar\u00e1 electricidad para aportar durante las horas de mayor demanda.\u00a0<\/p>\n","protected":false},"author":2,"featured_media":6119,"comment_status":"open","ping_status":"open","sticky":false,"template":"","format":"standard","meta":{"footnotes":""},"categories":[6],"tags":[],"class_list":["post-6118","post","type-post","status-publish","format-standard","has-post-thumbnail","hentry","category-regionales"],"_links":{"self":[{"href":"https:\/\/www.radiolimari.cl\/index.php?rest_route=\/wp\/v2\/posts\/6118","targetHints":{"allow":["GET"]}}],"collection":[{"href":"https:\/\/www.radiolimari.cl\/index.php?rest_route=\/wp\/v2\/posts"}],"about":[{"href":"https:\/\/www.radiolimari.cl\/index.php?rest_route=\/wp\/v2\/types\/post"}],"author":[{"embeddable":true,"href":"https:\/\/www.radiolimari.cl\/index.php?rest_route=\/wp\/v2\/users\/2"}],"replies":[{"embeddable":true,"href":"https:\/\/www.radiolimari.cl\/index.php?rest_route=%2Fwp%2Fv2%2Fcomments&post=6118"}],"version-history":[{"count":1,"href":"https:\/\/www.radiolimari.cl\/index.php?rest_route=\/wp\/v2\/posts\/6118\/revisions"}],"predecessor-version":[{"id":6120,"href":"https:\/\/www.radiolimari.cl\/index.php?rest_route=\/wp\/v2\/posts\/6118\/revisions\/6120"}],"wp:featuredmedia":[{"embeddable":true,"href":"https:\/\/www.radiolimari.cl\/index.php?rest_route=\/wp\/v2\/media\/6119"}],"wp:attachment":[{"href":"https:\/\/www.radiolimari.cl\/index.php?rest_route=%2Fwp%2Fv2%2Fmedia&parent=6118"}],"wp:term":[{"taxonomy":"category","embeddable":true,"href":"https:\/\/www.radiolimari.cl\/index.php?rest_route=%2Fwp%2Fv2%2Fcategories&post=6118"},{"taxonomy":"post_tag","embeddable":true,"href":"https:\/\/www.radiolimari.cl\/index.php?rest_route=%2Fwp%2Fv2%2Ftags&post=6118"}],"curies":[{"name":"wp","href":"https:\/\/api.w.org\/{rel}","templated":true}]}}