{"id":6112,"date":"2021-10-27T12:14:06","date_gmt":"2021-10-27T12:14:06","guid":{"rendered":"http:\/\/www.radiolimari.cl\/?p=6112"},"modified":"2021-10-27T12:14:06","modified_gmt":"2021-10-27T12:14:06","slug":"emprendedores-limarinos-valoran-apoyos-para-consolidar-sus-negocios","status":"publish","type":"post","link":"https:\/\/www.radiolimari.cl\/?p=6112","title":{"rendered":"Emprendedores Limarinos valoran apoyos para consolidar sus negocios"},"content":{"rendered":"<p><a href=\"https:\/\/www.radiolimari.cl\/wp-content\/uploads\/2021\/10\/27.10-gobierno.jpg\"><img fetchpriority=\"high\" decoding=\"async\" class=\"alignnone size-medium wp-image-6113\" src=\"https:\/\/www.radiolimari.cl\/wp-content\/uploads\/2021\/10\/27.10-gobierno-300x200.jpg\" alt=\"27.10 gobierno\" width=\"300\" height=\"200\" srcset=\"https:\/\/www.radiolimari.cl\/wp-content\/uploads\/2021\/10\/27.10-gobierno-300x200.jpg 300w, https:\/\/www.radiolimari.cl\/wp-content\/uploads\/2021\/10\/27.10-gobierno.jpg 1024w\" sizes=\"(max-width: 300px) 100vw, 300px\" \/><\/a><\/p>\n<p><strong><em>En el contexto de \u201cla Semana de la PYME\u201d, el Gobierno destac\u00f3 el aumento de los recursos y las diversas l\u00edneas de financiamiento para beneficiar a las micro, peque\u00f1as y medianas empresas.<\/em><\/strong><!--more--><\/p>\n<p>Luis Tello lleva 8 a\u00f1os produciendo aceite de oliva en la comuna de Ovalle. Un trabajo que desarrolla junto a su madre y que hace 2 a\u00f1os decidi\u00f3 darle un nuevo impulso, mediante la fabricaci\u00f3n de Licor de Oliva.<\/p>\n<p>Un enfoque tuvo el apoyo del centro de negocios de SERCOTEC en Ovalle, para que este emprendedor pudiera generar mejoras en su imagen y envasado. <strong>\u201cCon ellos, para este 2021, postul\u00e9 a un capital semilla y as\u00ed pude financiar los insumos para hacerle mejorar a nuestro producto y esos apoyos siempre los busqu\u00e9 y tuvieron muy buena disposici\u00f3n\u201d<\/strong>, destac\u00f3 Luis Tello.<\/p>\n<p>Mientras que Marcia Ortiz logr\u00f3 consolidar su negocio de venta de huevos en el sector de El Mialqui, en Monte Patria. El Centro de Negocios le ha entregado asesor\u00edas para ventas y difusi\u00f3n. <strong>\u201cEs muy importante lo que han hecho. Llevo 11 meses en el rubro y al momento de empezar, necesit\u00e9 todas las herramientas porque es dif\u00edcil captar clientes y eso ha sido fundamental en el apoyo de mi emprendimiento\u201d<\/strong>, se\u00f1al\u00f3.<\/p>\n<p>Son dos de los 15 emprendedores que est\u00e1n presentes en la ExpoPyme al interior de Open Plaza Ovalle. Instancia que se mantendr\u00e1 hasta el 31 de octubre, como una m\u00e1s de las actividades programadas por la Semana de la PYME.<\/p>\n<p>En este sentido, el Subsecretario del Trabajo, Fernando Arab, destac\u00f3 las m\u00faltiples herramientas que se han implementado para apoyar a las micro, peque\u00f1as y medianas empresas.<\/p>\n<p><strong>\u201cLas Pymes no s\u00f3lo dan empleo, son producto del esfuerzo de las familias y en esta semana les estamos dando visibilidad y los apoyos, como lo que hace SERCOTEC, a trav\u00e9s de sus centros de negocios para otorgar capital semilla, y con SENCE para disponer de cursos gratuitos y online para que los emprendedoras de la regi\u00f3n y Limar\u00ed puedan capacitarse\u201d<\/strong>, acot\u00f3 el Subsecretario Arab.<\/p>\n<p>A esto se suman las diferentes l\u00edneas como el React\u00edvate de SERCOTEC y los Programas de Apoyo a la Reactivaci\u00f3n PAR de Corfo.<\/p>\n<p>En esta l\u00ednea, el Delegado Presidencial Regional, Ignacio Pinto, puntualiz\u00f3 que <strong>\u201cLos emprendedores han enfrentado momentos dif\u00edciles durante los \u00faltimos dos a\u00f1os y eso los ha preparado. Nosotros hemos desarrollado herramientas para que surjan. Estamos en una regi\u00f3n que tambi\u00e9n enfrenta problemas, como la sequ\u00eda, y que imponen nuevos desaf\u00edos. Estamos con todo a disposici\u00f3n, SERCOTEC paso de 1500 a 7 mil millones de pesos de inversi\u00f3n en tan solo un a\u00f1o y eso es un hecho concreto de c\u00f3mo estamos apoyando a las PYMES\u201d<\/strong>.<\/p>\n","protected":false},"excerpt":{"rendered":"<p>En el contexto de \u201cla Semana de la PYME\u201d, el Gobierno destac\u00f3 el aumento de los recursos y las diversas l\u00edneas de financiamiento para beneficiar a las micro, peque\u00f1as y medianas empresas.<\/p>\n","protected":false},"author":2,"featured_media":6113,"comment_status":"open","ping_status":"open","sticky":false,"template":"","format":"standard","meta":{"footnotes":""},"categories":[5],"tags":[],"class_list":["post-6112","post","type-post","status-publish","format-standard","has-post-thumbnail","hentry","category-actualidad-limarina"],"_links":{"self":[{"href":"https:\/\/www.radiolimari.cl\/index.php?rest_route=\/wp\/v2\/posts\/6112","targetHints":{"allow":["GET"]}}],"collection":[{"href":"https:\/\/www.radiolimari.cl\/index.php?rest_route=\/wp\/v2\/posts"}],"about":[{"href":"https:\/\/www.radiolimari.cl\/index.php?rest_route=\/wp\/v2\/types\/post"}],"author":[{"embeddable":true,"href":"https:\/\/www.radiolimari.cl\/index.php?rest_route=\/wp\/v2\/users\/2"}],"replies":[{"embeddable":true,"href":"https:\/\/www.radiolimari.cl\/index.php?rest_route=%2Fwp%2Fv2%2Fcomments&post=6112"}],"version-history":[{"count":1,"href":"https:\/\/www.radiolimari.cl\/index.php?rest_route=\/wp\/v2\/posts\/6112\/revisions"}],"predecessor-version":[{"id":6114,"href":"https:\/\/www.radiolimari.cl\/index.php?rest_route=\/wp\/v2\/posts\/6112\/revisions\/6114"}],"wp:featuredmedia":[{"embeddable":true,"href":"https:\/\/www.radiolimari.cl\/index.php?rest_route=\/wp\/v2\/media\/6113"}],"wp:attachment":[{"href":"https:\/\/www.radiolimari.cl\/index.php?rest_route=%2Fwp%2Fv2%2Fmedia&parent=6112"}],"wp:term":[{"taxonomy":"category","embeddable":true,"href":"https:\/\/www.radiolimari.cl\/index.php?rest_route=%2Fwp%2Fv2%2Fcategories&post=6112"},{"taxonomy":"post_tag","embeddable":true,"href":"https:\/\/www.radiolimari.cl\/index.php?rest_route=%2Fwp%2Fv2%2Ftags&post=6112"}],"curies":[{"name":"wp","href":"https:\/\/api.w.org\/{rel}","templated":true}]}}