{"id":6103,"date":"2021-10-26T16:25:48","date_gmt":"2021-10-26T16:25:48","guid":{"rendered":"http:\/\/www.radiolimari.cl\/?p=6103"},"modified":"2021-10-26T16:25:48","modified_gmt":"2021-10-26T16:25:48","slug":"comite-de-cambio-climatico-fortalecera-la-institucionalidad-ambiental-regional","status":"publish","type":"post","link":"https:\/\/www.radiolimari.cl\/?p=6103","title":{"rendered":"Comit\u00e9 de Cambio Clim\u00e1tico fortalecer\u00e1 la institucionalidad ambiental regional"},"content":{"rendered":"<p><a href=\"https:\/\/www.radiolimari.cl\/wp-content\/uploads\/2021\/10\/26.10-cambio-climatico.jpg\"><img fetchpriority=\"high\" decoding=\"async\" class=\"alignnone size-medium wp-image-6104\" src=\"https:\/\/www.radiolimari.cl\/wp-content\/uploads\/2021\/10\/26.10-cambio-climatico-300x174.jpg\" alt=\"26.10 cambio climatico\" width=\"300\" height=\"174\" srcset=\"https:\/\/www.radiolimari.cl\/wp-content\/uploads\/2021\/10\/26.10-cambio-climatico-300x174.jpg 300w, https:\/\/www.radiolimari.cl\/wp-content\/uploads\/2021\/10\/26.10-cambio-climatico-1024x595.jpg 1024w, https:\/\/www.radiolimari.cl\/wp-content\/uploads\/2021\/10\/26.10-cambio-climatico.jpg 1280w\" sizes=\"(max-width: 300px) 100vw, 300px\" \/><\/a><\/p>\n<p><strong><em>Esta instancia (CORECC) se desarrolla desde el a\u00f1o 2017 para generar estrategias que ayuden a adaptarse mejor a la coyuntura clim\u00e1tica.<\/em><\/strong><!--more--><\/p>\n<p>Los Comit\u00e9s Regionales de Cambio Clim\u00e1tico (CORECC) se establecen como Organismos operativos para la implementaci\u00f3n de pol\u00edticas y acciones de Adaptaci\u00f3n al cambio clim\u00e1tico, en el Plan Nacional de Adaptaci\u00f3n, aprobado por el Consejo de Ministros para la Sustentabilidad en el a\u00f1o 2014.<\/p>\n<p>En nuestra regi\u00f3n, estas instancias se vienen desarrollando desde el a\u00f1o 2017 y este lunes se desarroll\u00f3 una nueva sesi\u00f3n, presidida por el Delegado Presidencial, Ignacio Pinto, y que cont\u00f3 con la presencia de la Gobernadora Regional Krist Naranjo, adem\u00e1s de diversos servicios p\u00fablicos.<\/p>\n<p>Al respecto el Delegado Pinto destac\u00f3 que <strong>\u201cdebemos congregar todos los aportes de los servicios p\u00fablicos y las universidades, que est\u00e1n desarrollando para conocer la exposici\u00f3n, vulnerabilidad y el riesgo del cambio clim\u00e1tico que est\u00e1 sujeta la Regi\u00f3n de Coquimbo. No podemos perder ning\u00fan minuto desde el punto de vista para la planificaci\u00f3n, organizaci\u00f3n y articulaci\u00f3n de cada uno de los organismos, tanto p\u00fablico como privado, y la academia. Ha sido una reuni\u00f3n productiva donde hemos tenido la oportunidad de conocer parte del trabajo que est\u00e1 desarrollando el Gobierno Regional en esta materia y cada uno de los servicios, y cu\u00e1les son las responsabilidades que tiene para seguir llevando adelante esta comisi\u00f3n\u201d.<\/strong><\/p>\n<p>Adem\u00e1s durante la quinta sesi\u00f3n de este a\u00f1o, el Delegado explic\u00f3 que est\u00e1n definiendo la forma de c\u00f3mo van a trabajar y cu\u00e1les ser\u00e1n los compromisos de los asistentes con sus respectivos servicios.<\/p>\n<p>Mientras que la Gobernadora Regional, Krist Naranjo, indic\u00f3 el compromiso del Gobierno Regional con el desarrollo sustentable mencionando la declaraci\u00f3n de crisis clim\u00e1tica y ambiental del mes de agosto. <strong>\u201cEl compromiso del Gobierno Regional est\u00e1 con el desarrollo sustentable. Tenemos que hacer \u00e9nfasis en estas \u00e1reas, es muy importante llevar a cabo este tipo de mesas con prop\u00f3sitos que se puedan aterrizar en nuestra regi\u00f3n. Debemos ver las distintas realidades para efectuar cambios y prever el cambio clim\u00e1tico que es abrupto a nivel mundial. Es fundamental poder articularnos de mejor forma\u201d<\/strong>, sostuvo la autoridad.<\/p>\n<p>Dentro de los objetivos del CORECC se encuentra la b\u00fasqueda de financiamiento para el desarrollo de un Plan Regional, donde a trav\u00e9s de diversas subcomisiones de trabajo, se han realizado este a\u00f1o, cuatro sesiones informativas y resolutivas, logrando compromisos y resultados de la academia y de varios servicios p\u00fablicos para la elaboraci\u00f3n de un Diagn\u00f3stico Clim\u00e1tico Ambiental.<\/p>\n<p>Por su parte, el Seremi (S) de Medio Ambiente, Juan Fern\u00e1ndez, valor\u00f3 el trabajo realizado por las instituciones comprometidas durante este a\u00f1o <strong>\u201cqueremos avanzar hacia una pol\u00edtica regional de Estado que permita cumplir con los compromisos de alcanzar la carbono neutralidad al 2050, transformando la Regi\u00f3n de Coquimbo hacia un desarrollo sustentable e inclusivo\u201d. Adem\u00e1s, agreg\u00f3 que \u201cla aprobaci\u00f3n del proyecto de ley marco de cambio clim\u00e1tico por parte del Senado, es fundamental para impulsar la acci\u00f3n clim\u00e1tica en Chile, considerando la actual crisis h\u00eddrica en las regiones del pa\u00eds\u201d<\/strong>.<\/p>\n<p><strong>Subcomisiones de Mitigaci\u00f3n y Adaptaci\u00f3n ante el cambio clim\u00e1tico._<\/strong><\/p>\n<p>El Plan de Acci\u00f3n de Cambio Clim\u00e1tico de la Regi\u00f3n de Coquimbo, que busca desarrollar una Estrategia de Desarrollo Regional (2020 \u2013 2030) poseen diversas Subcomisiones de trabajo, tales como: Biodiversidad, Suelo y Recurso H\u00eddrico, Zona Costera, Ciudad e Infraestructura, An\u00e1lisis de Emisiones, y An\u00e1lisis de Riesgo Clim\u00e1tico.<\/p>\n<p>Dentro de las instituciones que integran este trabajo interinstitucional se encuentra el Gobierno Regional, la SEREMI del MOP junto a todos sus servicios, SEREMI MINVU, la Agencia de Cambio Clim\u00e1tico, SEREMI de Ciencia y Tecnolog\u00eda, CONAF, el INFOR, IFOP, CEAZA, Universidad de La Serena, la Universidad Cat\u00f3lica del Norte sede Coquimbo y la Asociaci\u00f3n de Municipios de Coquimbo, entre otros.<\/p>\n<p><strong>Comit\u00e9 Regional de Cambio Clim\u00e1tico<\/strong><\/p>\n<p>Los Comit\u00e9s Regionales de Cambio Clim\u00e1tico o CORECC, nacen de la necesidad de fortalecer acciones de cambio clim\u00e1tico en los territorios, en concordancia con la pol\u00edtica clim\u00e1tica nacional y el desarrollo de las regiones desde el a\u00f1o 2014. Su funci\u00f3n principal es promover y facilitar la elaboraci\u00f3n e implementaci\u00f3n, a nivel regional y local, las pol\u00edticas, planes y acciones en materia de cambio clim\u00e1tico, acorde a las necesidades y posibilidades de cada regi\u00f3n.<\/p>\n<p>Estos est\u00e1n constituidos por las SEREMIS de diversos Ministerios con competencias en materias de cambio clim\u00e1tico, la Agencia de Sustentabilidad y Cambio Clim\u00e1tico Regional y tambi\u00e9n pueden formar parte de ellos representantes de Municipios, Academia, Sociedad Civil y Sector Privado, dependiendo de las particularidades de cada Regi\u00f3n.<\/p>\n<p>Los CORECC son el componente fundamental de la estructura operativa de cambio clim\u00e1tico a nivel regional, que permiten identificar e implementar acciones de adaptaci\u00f3n y mitigaci\u00f3n de cambio clim\u00e1tico en los territorios y facilitar la ejecuci\u00f3n de las pol\u00edticas nacionales en esta materia. Estos garantizan la coordinaci\u00f3n interinstitucional a nivel regional, mejorando la eficacia y evitando la duplicidad de gastos y esfuerzos, realizando un diagn\u00f3stico compartico de la situaci\u00f3n clim\u00e1tica regional, planificar con visi\u00f3n de largo plazo, incorporar la variable clim\u00e1tica en el proceso de toma de decisiones y facilitar la coordinaci\u00f3n entre el nivel regional y nacional.<\/p>\n","protected":false},"excerpt":{"rendered":"<p>Esta instancia (CORECC) se desarrolla desde el a\u00f1o 2017 para generar estrategias que ayuden a adaptarse mejor a la coyuntura clim\u00e1tica.<\/p>\n","protected":false},"author":2,"featured_media":6104,"comment_status":"open","ping_status":"open","sticky":false,"template":"","format":"standard","meta":{"footnotes":""},"categories":[6],"tags":[],"class_list":["post-6103","post","type-post","status-publish","format-standard","has-post-thumbnail","hentry","category-regionales"],"_links":{"self":[{"href":"https:\/\/www.radiolimari.cl\/index.php?rest_route=\/wp\/v2\/posts\/6103","targetHints":{"allow":["GET"]}}],"collection":[{"href":"https:\/\/www.radiolimari.cl\/index.php?rest_route=\/wp\/v2\/posts"}],"about":[{"href":"https:\/\/www.radiolimari.cl\/index.php?rest_route=\/wp\/v2\/types\/post"}],"author":[{"embeddable":true,"href":"https:\/\/www.radiolimari.cl\/index.php?rest_route=\/wp\/v2\/users\/2"}],"replies":[{"embeddable":true,"href":"https:\/\/www.radiolimari.cl\/index.php?rest_route=%2Fwp%2Fv2%2Fcomments&post=6103"}],"version-history":[{"count":1,"href":"https:\/\/www.radiolimari.cl\/index.php?rest_route=\/wp\/v2\/posts\/6103\/revisions"}],"predecessor-version":[{"id":6105,"href":"https:\/\/www.radiolimari.cl\/index.php?rest_route=\/wp\/v2\/posts\/6103\/revisions\/6105"}],"wp:featuredmedia":[{"embeddable":true,"href":"https:\/\/www.radiolimari.cl\/index.php?rest_route=\/wp\/v2\/media\/6104"}],"wp:attachment":[{"href":"https:\/\/www.radiolimari.cl\/index.php?rest_route=%2Fwp%2Fv2%2Fmedia&parent=6103"}],"wp:term":[{"taxonomy":"category","embeddable":true,"href":"https:\/\/www.radiolimari.cl\/index.php?rest_route=%2Fwp%2Fv2%2Fcategories&post=6103"},{"taxonomy":"post_tag","embeddable":true,"href":"https:\/\/www.radiolimari.cl\/index.php?rest_route=%2Fwp%2Fv2%2Ftags&post=6103"}],"curies":[{"name":"wp","href":"https:\/\/api.w.org\/{rel}","templated":true}]}}