{"id":6098,"date":"2021-10-22T17:00:09","date_gmt":"2021-10-22T17:00:09","guid":{"rendered":"http:\/\/www.radiolimari.cl\/?p=6098"},"modified":"2021-10-22T17:02:56","modified_gmt":"2021-10-22T17:02:56","slug":"en-la-provincia-de-limari-mas-de-4700-personas-no-han-completado-su-esquema-de-vacunacion-por-covid-19en-limari","status":"publish","type":"post","link":"https:\/\/www.radiolimari.cl\/?p=6098","title":{"rendered":"En la Provincia de Limar\u00ed mas de 4700 personas no han completado su esquema de vacunaci\u00f3n por Covid -19"},"content":{"rendered":"<p><a href=\"https:\/\/www.radiolimari.cl\/wp-content\/uploads\/2021\/10\/22.10-VAUNACION-FOTO-TIPO.jpeg\"><img fetchpriority=\"high\" decoding=\"async\" class=\"alignnone size-medium wp-image-6099\" src=\"https:\/\/www.radiolimari.cl\/wp-content\/uploads\/2021\/10\/22.10-VAUNACION-FOTO-TIPO-300x179.jpeg\" alt=\"22.10 VAUNACION FOTO TIPO\" width=\"300\" height=\"179\" srcset=\"https:\/\/www.radiolimari.cl\/wp-content\/uploads\/2021\/10\/22.10-VAUNACION-FOTO-TIPO-300x179.jpeg 300w, https:\/\/www.radiolimari.cl\/wp-content\/uploads\/2021\/10\/22.10-VAUNACION-FOTO-TIPO.jpeg 992w\" sizes=\"(max-width: 300px) 100vw, 300px\" \/><\/a><\/p>\n<p><strong><em>Autoridad llama a la ciudadan\u00eda a completar su esquema como un acto de responsabilidad y solidaridad con las propias familias y la comunidad<\/em><\/strong><!--more--><\/p>\n<p>De acuerdo a cifras entregadas por la SEREMI de Salud Coquimbo, en la provincia de Limar\u00ed son m\u00e1s de 4700 personas las que no han recibido su segunda dosis de vacuna contra el coronavirus, a pesar de todas las recomendaciones y llamados realizados por autoridades y por la misma sociedad para prevenir la propagaci\u00f3n masiva del virus, as\u00ed como los cuadros graves de la enfermedad provocada por el SarsCov 2.<\/p>\n<p>\u201cLa gran mayor\u00eda de los habitantes de la provincia de Limar\u00ed\u00a0 ha completado su esquema de vacunaci\u00f3n al menos con dos dosis y esto ha permitido avanzar significativamente en mayores libertades para todos, pero siempre manteniendo el resguardo de las medidas de prevenci\u00f3n. Sin embargo, queda un n\u00famero importante de personas que no han concurrido a obtener su segunda dosis y aunque en algunos casos esto puede deberse a situaciones particulares, tambi\u00e9n existe gente que por propia voluntad no quiere completar su esquema. Justamente es a ellos a quienes llamamos a concurrir a vacunarse ya que es un acto de solidaridad\u00a0 y de responsabilidad con nuestras familias y nuestro entorno. Est\u00e1 demostrada la eficiencia de las vacunas en evitar cuadros graves por covid, evitar muertes y evitar que el virus siga propag\u00e1ndose\u201d.<\/p>\n<p>Espec\u00edficamente, seg\u00fan la informaci\u00f3n emanada desde la cartera de Salud, el detalle por comuna indica que son 224 en Combarbal\u00e1, 1041 en Monte Patria, 3030 en Ovalle, 324 en Punitaqui y 91 R\u00edo Hurtado quienes no han solicitado su segunda dosis contra la vacuna. Cabe recordar que en cada una de estas comunas existen locales habilitados para vacunar tanto a rezagados como a quienes ya se est\u00e1n inoculando con la tercera dosis o dosis de refuerzo.<\/p>\n<p>Adem\u00e1s, es importante se\u00f1alar que quienes no completen su esquema de vacunaci\u00f3n no pueden obtener su pase de movilidad, documento fundamental para poder hacer uso de las libertades que permite estar vacunados como acceso a bares y restaurantes, centros deportivos, eventos con aforos ampliados y otras actividades donde se exige por obligaci\u00f3n tener el esquema de vacunaci\u00f3n completo.<\/p>\n<p>&nbsp;<\/p>\n","protected":false},"excerpt":{"rendered":"<p>Autoridad llama a la ciudadan\u00eda a completar su esquema como un acto de responsabilidad y solidaridad con las propias familias y la comunidad<\/p>\n","protected":false},"author":2,"featured_media":6099,"comment_status":"open","ping_status":"open","sticky":false,"template":"","format":"standard","meta":{"footnotes":""},"categories":[5],"tags":[],"class_list":["post-6098","post","type-post","status-publish","format-standard","has-post-thumbnail","hentry","category-actualidad-limarina"],"_links":{"self":[{"href":"https:\/\/www.radiolimari.cl\/index.php?rest_route=\/wp\/v2\/posts\/6098","targetHints":{"allow":["GET"]}}],"collection":[{"href":"https:\/\/www.radiolimari.cl\/index.php?rest_route=\/wp\/v2\/posts"}],"about":[{"href":"https:\/\/www.radiolimari.cl\/index.php?rest_route=\/wp\/v2\/types\/post"}],"author":[{"embeddable":true,"href":"https:\/\/www.radiolimari.cl\/index.php?rest_route=\/wp\/v2\/users\/2"}],"replies":[{"embeddable":true,"href":"https:\/\/www.radiolimari.cl\/index.php?rest_route=%2Fwp%2Fv2%2Fcomments&post=6098"}],"version-history":[{"count":2,"href":"https:\/\/www.radiolimari.cl\/index.php?rest_route=\/wp\/v2\/posts\/6098\/revisions"}],"predecessor-version":[{"id":6101,"href":"https:\/\/www.radiolimari.cl\/index.php?rest_route=\/wp\/v2\/posts\/6098\/revisions\/6101"}],"wp:featuredmedia":[{"embeddable":true,"href":"https:\/\/www.radiolimari.cl\/index.php?rest_route=\/wp\/v2\/media\/6099"}],"wp:attachment":[{"href":"https:\/\/www.radiolimari.cl\/index.php?rest_route=%2Fwp%2Fv2%2Fmedia&parent=6098"}],"wp:term":[{"taxonomy":"category","embeddable":true,"href":"https:\/\/www.radiolimari.cl\/index.php?rest_route=%2Fwp%2Fv2%2Fcategories&post=6098"},{"taxonomy":"post_tag","embeddable":true,"href":"https:\/\/www.radiolimari.cl\/index.php?rest_route=%2Fwp%2Fv2%2Ftags&post=6098"}],"curies":[{"name":"wp","href":"https:\/\/api.w.org\/{rel}","templated":true}]}}