{"id":6095,"date":"2021-10-22T16:53:00","date_gmt":"2021-10-22T16:53:00","guid":{"rendered":"http:\/\/www.radiolimari.cl\/?p=6095"},"modified":"2021-10-22T16:53:00","modified_gmt":"2021-10-22T16:53:00","slug":"en-ovalle-club-deportivo-oro-y-cielo-inicia-academia-de-futbol","status":"publish","type":"post","link":"https:\/\/www.radiolimari.cl\/?p=6095","title":{"rendered":"En Ovalle Club Deportivo \u201cOro y Cielo\u201d inicia academia de f\u00fatbol"},"content":{"rendered":"<p><a href=\"https:\/\/www.radiolimari.cl\/wp-content\/uploads\/2021\/10\/22.10-clubo-oro-y-cielo2.jpeg\"><img fetchpriority=\"high\" decoding=\"async\" class=\"alignnone size-medium wp-image-6096\" src=\"https:\/\/www.radiolimari.cl\/wp-content\/uploads\/2021\/10\/22.10-clubo-oro-y-cielo2-300x225.jpeg\" alt=\"22.10 clubo oro y cielo2\" width=\"300\" height=\"225\" srcset=\"https:\/\/www.radiolimari.cl\/wp-content\/uploads\/2021\/10\/22.10-clubo-oro-y-cielo2-300x225.jpeg 300w, https:\/\/www.radiolimari.cl\/wp-content\/uploads\/2021\/10\/22.10-clubo-oro-y-cielo2.jpeg 1024w\" sizes=\"(max-width: 300px) 100vw, 300px\" \/><\/a><\/p>\n<p><span style=\"color: #222222;\">Como una \u00a0manera \u00a0de consolidar su proyecto deportivo, \u00a0los integrantes del Club Deportivo \u201cOro y Cielo\u201d, incorporan a su organizaci\u00f3n, \u00a0una Escuela de F\u00fatbol, orientada a ni\u00f1os y j\u00f3venes de distintas categor\u00edas, que deseen ampliar sus conocimientos y pr\u00e1ctica en la disciplina, funciona dos \u00a0d\u00edas por semana y es de car\u00e1cter gratuito. \u00a0<\/span><!--more--><\/p>\n<p><span style=\"color: #222222;\">Como una manera de proyectar en el tiempo y de consolidar su proyecto deportivo, el Club Deportivo \u201cOro y Cielo\u201d de la comuna de Ovalle, gener\u00f3 y logr\u00f3 financiamiento a su proyecto de Escuela de F\u00fatbol, que entre sus objetivos quiere fomentar el desarrollo y la pr\u00e1ctica del f\u00fatbol, en ni\u00f1os, ni\u00f1as \u00a0y j\u00f3venes de distintas categor\u00edas, con el car\u00e1cter inclusiva y \u00a0 gratuita, para su \u00a0funcionamiento y ejecuci\u00f3n, cuentan con recursos entregados por el \u00a0Fondo Nacional para el Fomento del Deporte \u2013 Fondeporte, que convoca el Ministerio del Deporte y que ejecuta el Instituto \u00a0Nacional de Deportes correspondiente al proceso del a\u00f1o \u00a02021.<\/span><br style=\"color: #222222;\" \/><br style=\"color: #222222;\" \/><span style=\"color: #222222;\">Como una manera, \u00a0de apoyar y acompa\u00f1ar a los Dirigentes y conocer \u00a0el funcionamiento de esta, el Seremi del Deporte Juan Carlos Fritis, realiz\u00f3 una visita al lugar de trabajo de la naciente escuela,\u00a0<\/span><b style=\"color: #222222;\"><i>\u201cNos encontramos en la comuna de Ovalle, con dirigentes y miembros \u00a0del Club Deportivo \u201cOro y Cielo\u201d, quienes se adjudicaron un Fondeporte del a\u00f1o 2021 y est\u00e1n realizando su escuela de f\u00fatbol \u00a0gratuita, \u00a0para la comunidad, estamos muy orgullosos \u00a0como Ministerio del Deporte \u00a0y como Instituto Nacional de Deportes, de estar apoyando iniciativas, \u00a0como la del Club Oro y Cielo\u201d,<\/i><\/b><span style=\"color: #222222;\">\u00a0se\u00f1al\u00f3, \u00a0la autoridad deportiva.<\/span><br style=\"color: #222222;\" \/><br style=\"color: #222222;\" \/><span style=\"color: #222222;\">Alejandro P\u00e9rez, Monitor de F\u00fatbol \u00a0del Club Oro y Cielo, agreg\u00f3:\u00a0<\/span><b style=\"color: #222222;\"><i>\u201cComo club quisimos postular un proyecto, al IND- Mindep, para la creaci\u00f3n de la Escuela \u201cOro y Cielo\u201d, con alumnos \u00a0de las categor\u00edas 2012 al 2007 y m\u00e1s grandes. Hago un llamado a todos quienes quieran inscribirse, \u00a0en alguna categor\u00eda o en la Escuela, puede hacerlo y bienvenido sea, buscamos mas que nada incentivar a los ni\u00f1os, sobre el tema del deporte, este es un espacio, para puedan disfrutar de lo que m\u00e1s les gusta, el f\u00fatbol\u201d<\/i><\/b><span style=\"color: #222222;\">, \u00a0adem\u00e1s el \u00a0t\u00e9cnico hace hincapi\u00e9 en el car\u00e1cter gratuito de la escuela y de las distintas oportunidades de participaci\u00f3n, \u00a0que ofrece la escuela.<\/span><br style=\"color: #222222;\" \/><br style=\"color: #222222;\" \/><span style=\"color: #222222;\">En lo deportivo, la \u00a0escuela \u00a0ofrece \u00a0entrenamientos, \u00a0dos veces por semana, de manera gratuita), en el \u00a0Complejo Deportivo \u201cCanchas Juegue\u201d \u00a0y la participaci\u00f3n en el campeonato anual de la liga Limar\u00ed, \u00a0que se realiza todos los s\u00e1bados del a\u00f1o, se buscar\u00e1 tambi\u00e9n, \u00a0como organizaci\u00f3n adherirse, \u00a0a las diversas campa\u00f1as que existen, \u00a0para \u00a0reducir \u00a0los altos niveles de obesidad, \u00a0que \u00a0presentan actualmente los ni\u00f1os y ni\u00f1as, en \u00a0edad preescolar y la promoci\u00f3n de h\u00e1bitos y estilos de vida saludable, con el objetivo de prevenir factores de riesgo en el futuro.<\/span><\/p>\n","protected":false},"excerpt":{"rendered":"<p>Como una \u00a0manera \u00a0de consolidar su proyecto deportivo, \u00a0los integrantes del Club Deportivo \u201cOro y Cielo\u201d, incorporan a su organizaci\u00f3n, \u00a0una Escuela de F\u00fatbol, orientada a ni\u00f1os y j\u00f3venes de distintas categor\u00edas, que deseen ampliar sus conocimientos y pr\u00e1ctica en la disciplina, funciona dos \u00a0d\u00edas por semana y es de car\u00e1cter gratuito. \u00a0<\/p>\n","protected":false},"author":2,"featured_media":6096,"comment_status":"open","ping_status":"open","sticky":false,"template":"","format":"standard","meta":{"footnotes":""},"categories":[3],"tags":[],"class_list":["post-6095","post","type-post","status-publish","format-standard","has-post-thumbnail","hentry","category-actualidad"],"_links":{"self":[{"href":"https:\/\/www.radiolimari.cl\/index.php?rest_route=\/wp\/v2\/posts\/6095","targetHints":{"allow":["GET"]}}],"collection":[{"href":"https:\/\/www.radiolimari.cl\/index.php?rest_route=\/wp\/v2\/posts"}],"about":[{"href":"https:\/\/www.radiolimari.cl\/index.php?rest_route=\/wp\/v2\/types\/post"}],"author":[{"embeddable":true,"href":"https:\/\/www.radiolimari.cl\/index.php?rest_route=\/wp\/v2\/users\/2"}],"replies":[{"embeddable":true,"href":"https:\/\/www.radiolimari.cl\/index.php?rest_route=%2Fwp%2Fv2%2Fcomments&post=6095"}],"version-history":[{"count":1,"href":"https:\/\/www.radiolimari.cl\/index.php?rest_route=\/wp\/v2\/posts\/6095\/revisions"}],"predecessor-version":[{"id":6097,"href":"https:\/\/www.radiolimari.cl\/index.php?rest_route=\/wp\/v2\/posts\/6095\/revisions\/6097"}],"wp:featuredmedia":[{"embeddable":true,"href":"https:\/\/www.radiolimari.cl\/index.php?rest_route=\/wp\/v2\/media\/6096"}],"wp:attachment":[{"href":"https:\/\/www.radiolimari.cl\/index.php?rest_route=%2Fwp%2Fv2%2Fmedia&parent=6095"}],"wp:term":[{"taxonomy":"category","embeddable":true,"href":"https:\/\/www.radiolimari.cl\/index.php?rest_route=%2Fwp%2Fv2%2Fcategories&post=6095"},{"taxonomy":"post_tag","embeddable":true,"href":"https:\/\/www.radiolimari.cl\/index.php?rest_route=%2Fwp%2Fv2%2Ftags&post=6095"}],"curies":[{"name":"wp","href":"https:\/\/api.w.org\/{rel}","templated":true}]}}