{"id":6091,"date":"2021-10-21T18:50:32","date_gmt":"2021-10-21T18:50:32","guid":{"rendered":"http:\/\/www.radiolimari.cl\/?p=6091"},"modified":"2021-10-21T18:50:32","modified_gmt":"2021-10-21T18:50:32","slug":"municipio-de-ovalle-y-gobierno-regional-afinan-detalles-del-financiamiento-para-mejorar-su-edificio-consistorial","status":"publish","type":"post","link":"https:\/\/www.radiolimari.cl\/?p=6091","title":{"rendered":"Municipio de Ovalle y Gobierno Regional  afinan detalles del financiamiento para mejorar su edificio consistorial"},"content":{"rendered":"<p><a href=\"https:\/\/www.radiolimari.cl\/wp-content\/uploads\/2021\/10\/21.10-Edificio-Consistorial-de-Ovalle-2.jpg\"><img fetchpriority=\"high\" decoding=\"async\" class=\"alignnone size-medium wp-image-6092\" src=\"https:\/\/www.radiolimari.cl\/wp-content\/uploads\/2021\/10\/21.10-Edificio-Consistorial-de-Ovalle-2-300x200.jpg\" alt=\"21.10 Edificio Consistorial de Ovalle (2)\" width=\"300\" height=\"200\" srcset=\"https:\/\/www.radiolimari.cl\/wp-content\/uploads\/2021\/10\/21.10-Edificio-Consistorial-de-Ovalle-2-300x200.jpg 300w, https:\/\/www.radiolimari.cl\/wp-content\/uploads\/2021\/10\/21.10-Edificio-Consistorial-de-Ovalle-2-1024x682.jpg 1024w, https:\/\/www.radiolimari.cl\/wp-content\/uploads\/2021\/10\/21.10-Edificio-Consistorial-de-Ovalle-2.jpg 1620w\" sizes=\"(max-width: 300px) 100vw, 300px\" \/><\/a><\/p>\n<p><strong>Se trata de una inversi\u00f3n total de $21.500 millones que ser\u00e1 compartida entre el presupuesto regional y Subdere y que se har\u00e1 efectiva a trav\u00e9s de la firma de un convenio de mandato.<\/strong><!--more--><\/p>\n<p>Uno de los proyectos m\u00e1s importantes para la comuna de Ovalle en la actualidad es el mejoramiento de su edificio consistorial. Una obra cuyo financiamiento asciende a los $21.500 millones y que gracias a la gesti\u00f3n conjunta con la Municipalidad contar\u00e1 con un financiamiento compartido entre el Gobierno Regional y Subdere.<\/p>\n<p><strong>\u201cEsta es una obra importante para la comuna de Ovalle, nos interesa apoyar esta gesti\u00f3n en la que los recursos no vienen \u00edntegramente del Gobierno Regional, sino que gran parte viene de Subdere. Este es un tema que estaba en carpeta y al que no e le hab\u00eda dado el vamos para poder firmar este acuerdo entre Gobierno Regional, Subdere y el Municipio de Ovalle para poder sacar adelante este emblem\u00e1tico edificio\u201d,<\/strong> detall\u00f3 la Gobernadora Regional, Krist Naranjo tras reunirse con el alcalde y equipos t\u00e9cnicos.<\/p>\n<p>Los recursos comprometidos por el Gobierno Regional ascienden a $8.600 millones, los que ser\u00e1n ejecutados a partir del presupuesto 2023, mientras que Subdere financiar\u00e1 cerca de $13 mil millones a trav\u00e9s de su Fondo de Desarrollo de Ciudades, que considera el financiamiento total o parcial de proyectos destinados a la recuperaci\u00f3n de las ciudades afectadas por emergencia o cat\u00e1strofe, tal como ocurri\u00f3 con las dependencias municipales.<\/p>\n<p>El Alcalde de Ovalle, Claudio Renter\u00eda, destac\u00f3 el acuerdo y pronta firma de convenio, se\u00f1alando que<strong> \u201cjunto con la Gobernadora y el Gobierno Regional hicimos una gesti\u00f3n a trav\u00e9s de la Subsecretaria de Desarrollo Regional, los recursos est\u00e1n y ahora falta el convenio de programaci\u00f3n. Agradecemos p\u00fablicamente a la gobernadora por la gesti\u00f3n realizada, porque en tres meses destrab\u00f3 un proyecto que estaba desde 2007\u201d.<\/strong><\/p>\n<p>El proyecto consiste en la reutilizaci\u00f3n del edificio principal y de las dependencias que, actualmente, alberga al departamento de Educaci\u00f3n Municipal y el recinto donde se encuentra la Direcci\u00f3n de Obras Municipales, instalaciones que ser\u00e1n intervenidas con trabajos de mejoramiento y remodelaci\u00f3n.<\/p>\n<p>Se trata de un edificio de 7 pisos habilitado para un total de 650 funcionarios municipales, lo que se traduce en una intervenci\u00f3n de 14.130 metros cuadrados. La mayor inversi\u00f3n se realizar\u00e1 en el terreno municipal aleda\u00f1o que considera la demolici\u00f3n del actual Sal\u00f3n Auditorium Municipal, bodegas de archivo y parte del inmueble de la ex escuela N\u00ba2, para construir un nuevo edificio corporativo que consta de dos vol\u00famenes principales, con estacionamientos a nivel de subsuelo.<\/p>\n","protected":false},"excerpt":{"rendered":"<p>Se trata de una inversi\u00f3n total de $21.500 millones que ser\u00e1 compartida entre el presupuesto regional y Subdere y que se har\u00e1 efectiva a trav\u00e9s de la firma de un convenio de mandato.<\/p>\n","protected":false},"author":2,"featured_media":6092,"comment_status":"open","ping_status":"open","sticky":false,"template":"","format":"standard","meta":{"footnotes":""},"categories":[5],"tags":[],"class_list":["post-6091","post","type-post","status-publish","format-standard","has-post-thumbnail","hentry","category-actualidad-limarina"],"_links":{"self":[{"href":"https:\/\/www.radiolimari.cl\/index.php?rest_route=\/wp\/v2\/posts\/6091","targetHints":{"allow":["GET"]}}],"collection":[{"href":"https:\/\/www.radiolimari.cl\/index.php?rest_route=\/wp\/v2\/posts"}],"about":[{"href":"https:\/\/www.radiolimari.cl\/index.php?rest_route=\/wp\/v2\/types\/post"}],"author":[{"embeddable":true,"href":"https:\/\/www.radiolimari.cl\/index.php?rest_route=\/wp\/v2\/users\/2"}],"replies":[{"embeddable":true,"href":"https:\/\/www.radiolimari.cl\/index.php?rest_route=%2Fwp%2Fv2%2Fcomments&post=6091"}],"version-history":[{"count":1,"href":"https:\/\/www.radiolimari.cl\/index.php?rest_route=\/wp\/v2\/posts\/6091\/revisions"}],"predecessor-version":[{"id":6093,"href":"https:\/\/www.radiolimari.cl\/index.php?rest_route=\/wp\/v2\/posts\/6091\/revisions\/6093"}],"wp:featuredmedia":[{"embeddable":true,"href":"https:\/\/www.radiolimari.cl\/index.php?rest_route=\/wp\/v2\/media\/6092"}],"wp:attachment":[{"href":"https:\/\/www.radiolimari.cl\/index.php?rest_route=%2Fwp%2Fv2%2Fmedia&parent=6091"}],"wp:term":[{"taxonomy":"category","embeddable":true,"href":"https:\/\/www.radiolimari.cl\/index.php?rest_route=%2Fwp%2Fv2%2Fcategories&post=6091"},{"taxonomy":"post_tag","embeddable":true,"href":"https:\/\/www.radiolimari.cl\/index.php?rest_route=%2Fwp%2Fv2%2Ftags&post=6091"}],"curies":[{"name":"wp","href":"https:\/\/api.w.org\/{rel}","templated":true}]}}