{"id":6088,"date":"2021-10-21T17:11:04","date_gmt":"2021-10-21T17:11:04","guid":{"rendered":"http:\/\/www.radiolimari.cl\/?p=6088"},"modified":"2021-10-21T17:11:04","modified_gmt":"2021-10-21T17:11:04","slug":"coronavirus-region-de-coquimbo-registra-cifra-mas-alta-de-casos-nuevos-de-covid_19-en-los-ultimos-7-dias","status":"publish","type":"post","link":"https:\/\/www.radiolimari.cl\/?p=6088","title":{"rendered":"#CoronaVirus: Regi\u00f3n de Coquimbo, registra cifra m\u00e1s alta de casos nuevos de Covid_19 en los \u00faltimos 7 d\u00edas"},"content":{"rendered":"<p><a href=\"https:\/\/www.radiolimari.cl\/wp-content\/uploads\/2021\/10\/NOTICIAS-EN-LIMARI-ULTIMA-HORA-CORONA-VIRUS-20.07.2020.jpg\"><img decoding=\"async\" class=\"alignnone size-medium wp-image-6089\" src=\"https:\/\/www.radiolimari.cl\/wp-content\/uploads\/2021\/10\/NOTICIAS-EN-LIMARI-ULTIMA-HORA-CORONA-VIRUS-20.07.2020-300x150.jpg\" alt=\"NOTICIAS EN LIMARI ULTIMA HORA CORONA VIRUS 20.07.2020\" width=\"300\" height=\"150\" srcset=\"https:\/\/www.radiolimari.cl\/wp-content\/uploads\/2021\/10\/NOTICIAS-EN-LIMARI-ULTIMA-HORA-CORONA-VIRUS-20.07.2020-300x150.jpg 300w, https:\/\/www.radiolimari.cl\/wp-content\/uploads\/2021\/10\/NOTICIAS-EN-LIMARI-ULTIMA-HORA-CORONA-VIRUS-20.07.2020-1024x512.jpg 1024w, https:\/\/www.radiolimari.cl\/wp-content\/uploads\/2021\/10\/NOTICIAS-EN-LIMARI-ULTIMA-HORA-CORONA-VIRUS-20.07.2020.jpg 1148w\" sizes=\"(max-width: 300px) 100vw, 300px\" \/><\/a><\/p>\n<p><strong><em>Por su parte, 276 contagios se encuentran activos en toda la regi\u00f3n<\/em><\/strong><!--more--><\/p>\n<p>En un nuevo balance sanitario, el Seremi de Salud Alejandro Garc\u00eda reiter\u00f3 el llamado a la responsabilidad de la poblaci\u00f3n ante el alza de casos nuevos y casos activos a nivel regional.<\/p>\n<p>\u201cEn esta oportunidad quiero reiterar el llamado a la responsabilidad de la poblaci\u00f3n. Hoy se registra la cifra m\u00e1s alta de casos nuevos en los \u00faltimos 7 d\u00edas, si bien los casos activos se concentran mayoritariamente en la conurbaci\u00f3n La Serena y Coquimbo, tambi\u00e9n vemos con preocupaci\u00f3n un aumento en los casos en comunas como Illapel, Ovalle y Punitaqui\u201d, se\u00f1al\u00f3 el Seremi de Salud.<\/p>\n<p>En este sentido, la autoridad sanitaria reiter\u00f3 el mensaje al autocuidado de la poblaci\u00f3n para evitar un alza en los contagios.<\/p>\n<p>\u201cEs fundamental el autocuidado, mantener en todo momento el uso de mascarilla, el distanciamiento f\u00edsico, el lavado de manos y la ventilaci\u00f3n de espacios cerrados, depende de todos evitar la propagaci\u00f3n del virus y un aumento en los contagios a nivel regional\u201d, enfatiz\u00f3 el Seremi Garc\u00eda.<strong>\u00a0<\/strong><\/p>\n<p><strong>\u00a0<\/strong><\/p>\n<p><strong>Balance Sanitario<\/strong><\/p>\n<p>El informe para este 21 de octubre se\u00f1ala un nuevo fallecido a nivel regional, a causa del Covid_19, con residencia en la comuna de Coquimbo.<\/p>\n<p>En relaci\u00f3n al balance sanitario, para hoy se informaron \u201c43 casos nuevos de Coronavirus, 13 de La Serena, 14 de Coquimbo, 1 de La Higuera, 2 de Illapel, 4 de Los Vilos, 3 de Salamanca, 2 de Ovalle, 1 de Combarbal\u00e1, 1 de Monte Patria, 1 de Punitaqui y 1 sin notificar. Con esto, se contabilizan 49.376 casos acumulados, con 276 contagios activos\u201d, finaliz\u00f3 el Seremi de Salud Alejandro Garc\u00eda.<\/p>\n<p>Por su parte, nuestra estrategia de Residencias Sanitarias cuenta con una ocupaci\u00f3n de un 61% con 36 habitaciones disponibles a nivel regional.<\/p>\n<p>&nbsp;<\/p>\n<p><strong>BALANCE REGI\u00d3N DE COQUIMBO<\/strong><\/p>\n<p>Jueves 21 de octubre del 2021<\/p>\n<p>43 casos nuevos<\/p>\n<p>49.376 casos acumulados<\/p>\n<p>276 casos activos<\/p>\n<p>1.033 fallecidos (1 nuevo de Coquimbo)<\/p>\n<p>Residencias Sanitarias: 61% de ocupaci\u00f3n<\/p>\n<p>Detalle Casos Nuevos:<\/p>\n<ul>\n<li>13 de La Serena<\/li>\n<li>14 de Coquimbo<\/li>\n<li>\u00a001 de La Higuera<\/li>\n<li>02 de Illapel<\/li>\n<li>04 de Los Vilos<\/li>\n<li>03 de Salamanca<\/li>\n<li>02 de Ovalle<\/li>\n<li>01 de Combarbal\u00e1<\/li>\n<li>01 de Monte Patria<\/li>\n<li>01 de Punitaqui<\/li>\n<li>01 sin notificar<\/li>\n<\/ul>\n","protected":false},"excerpt":{"rendered":"<p>Por su parte, 276 contagios se encuentran activos en toda la regi\u00f3n<\/p>\n","protected":false},"author":2,"featured_media":6089,"comment_status":"open","ping_status":"open","sticky":false,"template":"","format":"standard","meta":{"footnotes":""},"categories":[3],"tags":[],"class_list":["post-6088","post","type-post","status-publish","format-standard","has-post-thumbnail","hentry","category-actualidad"],"_links":{"self":[{"href":"https:\/\/www.radiolimari.cl\/index.php?rest_route=\/wp\/v2\/posts\/6088","targetHints":{"allow":["GET"]}}],"collection":[{"href":"https:\/\/www.radiolimari.cl\/index.php?rest_route=\/wp\/v2\/posts"}],"about":[{"href":"https:\/\/www.radiolimari.cl\/index.php?rest_route=\/wp\/v2\/types\/post"}],"author":[{"embeddable":true,"href":"https:\/\/www.radiolimari.cl\/index.php?rest_route=\/wp\/v2\/users\/2"}],"replies":[{"embeddable":true,"href":"https:\/\/www.radiolimari.cl\/index.php?rest_route=%2Fwp%2Fv2%2Fcomments&post=6088"}],"version-history":[{"count":1,"href":"https:\/\/www.radiolimari.cl\/index.php?rest_route=\/wp\/v2\/posts\/6088\/revisions"}],"predecessor-version":[{"id":6090,"href":"https:\/\/www.radiolimari.cl\/index.php?rest_route=\/wp\/v2\/posts\/6088\/revisions\/6090"}],"wp:featuredmedia":[{"embeddable":true,"href":"https:\/\/www.radiolimari.cl\/index.php?rest_route=\/wp\/v2\/media\/6089"}],"wp:attachment":[{"href":"https:\/\/www.radiolimari.cl\/index.php?rest_route=%2Fwp%2Fv2%2Fmedia&parent=6088"}],"wp:term":[{"taxonomy":"category","embeddable":true,"href":"https:\/\/www.radiolimari.cl\/index.php?rest_route=%2Fwp%2Fv2%2Fcategories&post=6088"},{"taxonomy":"post_tag","embeddable":true,"href":"https:\/\/www.radiolimari.cl\/index.php?rest_route=%2Fwp%2Fv2%2Ftags&post=6088"}],"curies":[{"name":"wp","href":"https:\/\/api.w.org\/{rel}","templated":true}]}}