{"id":6079,"date":"2021-10-21T14:07:23","date_gmt":"2021-10-21T14:07:23","guid":{"rendered":"http:\/\/www.radiolimari.cl\/?p=6079"},"modified":"2021-10-21T14:07:23","modified_gmt":"2021-10-21T14:07:23","slug":"en-ovalle-junji-coquimbo-presenta-nueva-infraestructura-de-jardin-infantil-pin-pin-serafin","status":"publish","type":"post","link":"https:\/\/www.radiolimari.cl\/?p=6079","title":{"rendered":"En Ovalle JUNJI Coquimbo presenta nueva infraestructura de jard\u00edn infantil Pin Pin Serafin"},"content":{"rendered":"<p><a href=\"https:\/\/www.radiolimari.cl\/wp-content\/uploads\/2021\/10\/21.10-JUNJI-OVALLE.jpg\"><img fetchpriority=\"high\" decoding=\"async\" class=\"alignnone size-medium wp-image-6080\" src=\"https:\/\/www.radiolimari.cl\/wp-content\/uploads\/2021\/10\/21.10-JUNJI-OVALLE-300x225.jpg\" alt=\"21.10 JUNJI OVALLE\" width=\"300\" height=\"225\" srcset=\"https:\/\/www.radiolimari.cl\/wp-content\/uploads\/2021\/10\/21.10-JUNJI-OVALLE-300x225.jpg 300w, https:\/\/www.radiolimari.cl\/wp-content\/uploads\/2021\/10\/21.10-JUNJI-OVALLE-1024x768.jpg 1024w, https:\/\/www.radiolimari.cl\/wp-content\/uploads\/2021\/10\/21.10-JUNJI-OVALLE.jpg 2016w\" sizes=\"(max-width: 300px) 100vw, 300px\" \/><\/a><\/p>\n<p>La unidad educativa Ovallina, es la primera en la regi\u00f3n en ser construida a base de una tecnolog\u00eda europea que utiliza madera contralaminada como materia prima, siendo amigable y sustentable con el medio ambiente.<!--more--><\/p>\n<p>Tras estar m\u00e1s de un a\u00f1o en reposici\u00f3n, el jard\u00edn infantil Pin Pin Seraf\u00edn de Ovalle abri\u00f3 nuevamente sus puertas para dar a conocer a la comunidad educativa sus nuevas dependencias, las que les permitir\u00e1 entregar una mejor educaci\u00f3n parvularia en espacios de aprendizaje de alto est\u00e1ndar en infraestructura.<\/p>\n<p>Con la participaci\u00f3n del delegado presidencial provincial de Limar\u00ed, Iv\u00e1n Espinoza, del director regional de la Junta Nacional de Jardines Infantiles (JUNJI), Tom\u00e1s Gonz\u00e1lez, padres, apoderados y redes de apoyo, se llev\u00f3 a cabo el encuentro ciudadano de JUNJI \u201cSomos Vecinos\u201d, ocasi\u00f3n en la se hizo un recorrido por el edificio, el cual estuvo liderado por la encargada del establecimiento, Rosa Torrej\u00f3n, quien junto a su equipo de educadoras y t\u00e9cnicas acompa\u00f1aron a los invitados en este importante hito para el jard\u00edn.<\/p>\n<p>\u201cLa nueva infraestructura nos va a ayudar mucho a mejorar nuestra calidad de atenci\u00f3n, ya que somos parte de un proyecto que entrega educaci\u00f3n parvularia de calidad, por lo que vamos a poder entregar a ni\u00f1os y ni\u00f1as bienestar integral, y a las familias vamos a poder darle mayor acogida, ya que tenemos oficina donde atenderlas, espacios de uso m\u00faltiple para reuniones y un patio donde los p\u00e1rvulos puedan disfrutar\u201d, destac\u00f3 Rosa Torrej\u00f3n, educadora de p\u00e1rvulos y encargada del establecimiento.<\/p>\n<p>En esa l\u00ednea, Paulina Pi\u00f1ones, apoderada del jard\u00edn, valor\u00f3 los nuevos espacios pedag\u00f3gicos \u201clo encuentro maravilloso, tuve a mis dos hijas ac\u00e1, y la implementaci\u00f3n nueva se ve muy segura, bonita y amplia, estoy muy feliz por el equipo y por la poblaci\u00f3n que tengan este nuevo jard\u00edn\u201d.<\/p>\n<p>Por su parte, el delegado, Iv\u00e1n Espinoza, se\u00f1al\u00f3 que \u201ces un orgullo para toda la provincia, es realmente destacable, hemos hecho una visita muy minuciosa a todos los rincones del nuevo jard\u00edn, el cual tiene una implementaci\u00f3n moderna y de alta tecnolog\u00eda, utilizando energ\u00edas renovables, lo que tambi\u00e9n ahorra recursos\u201d.<\/p>\n<p>Asimismo, Espinoza, destac\u00f3 que \u201ceste grupo humano tan c\u00e1lido y profesional va a tener su complemento tecnol\u00f3gico, lo que forma parte de la buena metodolog\u00eda que desarrollan, de tal manera que hay que destacar esta obra, la que va a ser un ejemplo que se puede replicar\u201d.<\/p>\n<p>Caracter\u00edsticas de la obra<\/p>\n<p>Durante la actividad la Arquitecta, Valeria Bugue\u00f1o de la Unidad de Construcci\u00f3n y Mantenci\u00f3n de Espacios Educativos de la JUNJI, explic\u00f3 que se utiliz\u00f3 madera contralaminada o Cross Laminated Timber (CLT), para edificar la nueva infraestructura, cuya materialidad comenz\u00f3 a implementarse hace m\u00e1s de 15 a\u00f1os en Europa, principalmente en Alemania, Austria, Suiza y en el norte de Italia. El Programa de Madera Alto Valor de CORFO, vio la importancia de introducir este m\u00e9todo en el pa\u00eds, con el fin de agregar atractivo a esta materia prima vital.<\/p>\n<p>A nivel regional es el primer establecimiento construido a base de esta tecnolog\u00eda cuyas ventajas son: sismo-resistencia, eficiencia energ\u00e9tica, resistencia al fuego, altos est\u00e1ndares de habitabilidad, rapidez de construcci\u00f3n, empleo de energ\u00edas renovables, m\u00ednimo mantenimiento y amigable con el medio ambiente.<\/p>\n<p>Al respecto el director regional de la Junji, Tom\u00e1s Gonz\u00e1lez, indic\u00f3 que \u201csomos pioneros en la regi\u00f3n en desarrollar este tipo de iniciativas para la educaci\u00f3n inicial que van en l\u00ednea de promover la sustentabilidad y cuidado de los recursos naturales, brindando nuevos y modernos espacios educativos a ni\u00f1os y ni\u00f1as, quienes podr\u00e1n desarrollar al m\u00e1ximo sus potencialidades en una infraestructura acorde a su desarrollo\u201d.<\/p>\n<p>Cabe destacar que el jard\u00edn fue edificado en 2 pisos, con una inversi\u00f3n sobre los mil millones de pesos. Cuenta con equipos de aire acondicionado en los recintos docentes y \u00e1rea administrativa. Adem\u00e1s, contempla un sistema de generaci\u00f3n el\u00e9ctrica fotovoltaica, conectada a la red general, para apoyar el consumo el\u00e9ctrico.<\/p>\n<p>Adem\u00e1s, posee un estanque de acumulaci\u00f3n de agua potable, lo que abastecer\u00e1 por algunas horas al jard\u00edn Infantil en caso de corte del suministro.<\/p>\n<p>&nbsp;<\/p>\n","protected":false},"excerpt":{"rendered":"<p>La unidad educativa Ovallina, es la primera en la regi\u00f3n en ser construida a base de una tecnolog\u00eda europea que utiliza madera contralaminada como materia prima, siendo amigable y sustentable con el medio ambiente.<\/p>\n","protected":false},"author":2,"featured_media":6080,"comment_status":"open","ping_status":"open","sticky":false,"template":"","format":"standard","meta":{"footnotes":""},"categories":[5],"tags":[],"class_list":["post-6079","post","type-post","status-publish","format-standard","has-post-thumbnail","hentry","category-actualidad-limarina"],"_links":{"self":[{"href":"https:\/\/www.radiolimari.cl\/index.php?rest_route=\/wp\/v2\/posts\/6079","targetHints":{"allow":["GET"]}}],"collection":[{"href":"https:\/\/www.radiolimari.cl\/index.php?rest_route=\/wp\/v2\/posts"}],"about":[{"href":"https:\/\/www.radiolimari.cl\/index.php?rest_route=\/wp\/v2\/types\/post"}],"author":[{"embeddable":true,"href":"https:\/\/www.radiolimari.cl\/index.php?rest_route=\/wp\/v2\/users\/2"}],"replies":[{"embeddable":true,"href":"https:\/\/www.radiolimari.cl\/index.php?rest_route=%2Fwp%2Fv2%2Fcomments&post=6079"}],"version-history":[{"count":1,"href":"https:\/\/www.radiolimari.cl\/index.php?rest_route=\/wp\/v2\/posts\/6079\/revisions"}],"predecessor-version":[{"id":6081,"href":"https:\/\/www.radiolimari.cl\/index.php?rest_route=\/wp\/v2\/posts\/6079\/revisions\/6081"}],"wp:featuredmedia":[{"embeddable":true,"href":"https:\/\/www.radiolimari.cl\/index.php?rest_route=\/wp\/v2\/media\/6080"}],"wp:attachment":[{"href":"https:\/\/www.radiolimari.cl\/index.php?rest_route=%2Fwp%2Fv2%2Fmedia&parent=6079"}],"wp:term":[{"taxonomy":"category","embeddable":true,"href":"https:\/\/www.radiolimari.cl\/index.php?rest_route=%2Fwp%2Fv2%2Fcategories&post=6079"},{"taxonomy":"post_tag","embeddable":true,"href":"https:\/\/www.radiolimari.cl\/index.php?rest_route=%2Fwp%2Fv2%2Ftags&post=6079"}],"curies":[{"name":"wp","href":"https:\/\/api.w.org\/{rel}","templated":true}]}}