{"id":6076,"date":"2021-10-21T13:55:36","date_gmt":"2021-10-21T13:55:36","guid":{"rendered":"http:\/\/www.radiolimari.cl\/?p=6076"},"modified":"2021-10-21T13:55:36","modified_gmt":"2021-10-21T13:55:36","slug":"subtel-autoriza-a-starlink-a-iniciar-su-oferta-comercial-en-el-pais","status":"publish","type":"post","link":"https:\/\/www.radiolimari.cl\/?p=6076","title":{"rendered":"SUBTEL AUTORIZA A STARLINK A INICIAR SU OFERTA COMERCIAL EN EL PA\u00cdS"},"content":{"rendered":"<p><a href=\"https:\/\/www.radiolimari.cl\/wp-content\/uploads\/2021\/10\/21.10-satellite-transmits-signal-earth.jpg\"><img decoding=\"async\" class=\"alignnone size-medium wp-image-6077\" src=\"https:\/\/www.radiolimari.cl\/wp-content\/uploads\/2021\/10\/21.10-satellite-transmits-signal-earth-300x150.jpg\" alt=\"21.10 satellite-transmits-signal-earth\" width=\"300\" height=\"150\" srcset=\"https:\/\/www.radiolimari.cl\/wp-content\/uploads\/2021\/10\/21.10-satellite-transmits-signal-earth-300x150.jpg 300w, https:\/\/www.radiolimari.cl\/wp-content\/uploads\/2021\/10\/21.10-satellite-transmits-signal-earth-1024x512.jpg 1024w, https:\/\/www.radiolimari.cl\/wp-content\/uploads\/2021\/10\/21.10-satellite-transmits-signal-earth.jpg 1280w\" sizes=\"(max-width: 300px) 100vw, 300px\" \/><\/a><\/p>\n<p><strong><em>La empresa recibi\u00f3 el permiso de operaci\u00f3n de cinco estaciones terrestres satelitales que tendr\u00e1 disponibles en el pa\u00eds, entre ellas figura\u00a0 Coquimbo<\/em><\/strong><em>.<\/em><!--more--><\/p>\n<p>Luego de realizar durante varios meses pruebas piloto en distintas zonas del pa\u00eds, la Subsecretar\u00eda de Telecomunicaciones (SUBTEL) inform\u00f3 que autoriz\u00f3 a la empresa de servicios satelitales de internet, Starlink, a fin de que pueda iniciar su oferta comercial a nivel nacional.<\/p>\n<p>La\u00a0SUBTEL finaliz\u00f3 el proceso que autoriz\u00f3 el servicio p\u00fablico de transmisi\u00f3n de datos para cinco estaciones terrestres satelitales, solicitadas por la empresa, las que estar\u00e1n emplazadas en Caldera, Coquimbo, San Clemente, Puerto Saavedra y Puerto Montt, infraestructura que permitir\u00e1 a la compa\u00f1\u00eda desplegar su servicio de banda ancha satelital.<\/p>\n<p>La Ministra de Transportes y Telecomunicaciones, Gloria Hutt, se\u00f1al\u00f3 que \u201cesta noticia refleja la relevancia que tiene el pa\u00eds para la industria de las telecomunicaciones. Desde hace varios meses, Starlink nos manifest\u00f3 su inter\u00e9s de realizar pilotos de conectividad,\u00a0 que se han concretado de manera exitosa en sectores como Caleta Sierra, Sotom\u00f3, y ahora ya est\u00e1 en condiciones de ofrecer su oferta comercial a lo largo del pa\u00eds. Como Gobierno buscamos generar las condiciones para que los usuarios puedan tener diferentes alternativas de conectividad, con conexiones de alta velocidad que permiten que puedan acceder a contenidos onlines en cualquier lugar del pa\u00eds\u201d.<\/p>\n<p>El Subsecretario de Telecomunicaciones, Francisco Moreno, sostuvo que \u201cestamos ante un verdadero hito en materia de inclusi\u00f3n digital que entregar\u00e1 a nuestros usuarios una alternativa m\u00e1s de conectividad. Desde SUBTEL impulsamos la conectividad por cielo, mar y tierra llevando conexiones de alta velocidad a distintas zonas de nuestro pa\u00eds, permitiendo que estudiantes, emprendedores o distintos sectores productivos puedan ser parte de la revoluci\u00f3n digital en la que estamos inmersos. Adem\u00e1s, el inter\u00e9s de empresas como Starlink, Amazon y otros proveedores satelitales de baja \u00f3rbita, revela que Chile es un pa\u00eds atractivo para la inversi\u00f3n en telecomunicaciones, consolid\u00e1ndose como un referente regional\u201d.<\/p>\n<p>Starlink realiz\u00f3 dos pruebas piloto de su conectividad en las localidades de Sotom\u00f3, en la Regi\u00f3n de Los Lagos y en Caleta Sierra, en la Regi\u00f3n de Coquimbo. Starlink es un proyecto de la compa\u00f1\u00eda SpaceX, propiedad del empresario sudafricano Elon Musk, que busca dar conectividad en zonas aisladas o rurales del planeta en donde es complejo llegar con infraestructura digital como fibra \u00f3ptica o una red m\u00f3vil. El sistema, dependiente de la constelaci\u00f3n de sat\u00e9lites de baja \u00f3rbita que la empresa aeroespacial ha lanzado al espacio, se ha convertido en una revoluci\u00f3n mundial en materia de conectividad digital.<\/p>\n<p>\u201cEstamos muy satisfechos que la empresa Starlink haya logrado la autorizaci\u00f3n de la Subsecretar\u00eda de Telecomunicaciones, ya que llevaba realizando pruebas pilotos de conectividad, entre ellas incluida la de Caleta Sierra en nuestra regi\u00f3n. El proyecto de la compa\u00f1\u00eda busca conectividad en zonas rurales, por lo cual beneficia a nuestras localidades o unidades para ir acortando la brecha digital y permite tener un excelente servicio de internet que beneficia a la comunidad\u201d, se\u00f1al\u00f3 el Seremi de Transportes y Telecomunicaciones Juan Fuentes<\/p>\n<p>Los usuarios interesados en contar con los servicios de la empresa Starlink deben dirigirse al sitio web de la empresa donde podr\u00e1n encontrar informaci\u00f3n acerca de precios del kit de instalaci\u00f3n y los planes mensuales de internet satelital.<\/p>\n","protected":false},"excerpt":{"rendered":"<p>La empresa recibi\u00f3 el permiso de operaci\u00f3n de cinco estaciones terrestres satelitales que tendr\u00e1 disponibles en el pa\u00eds, entre ellas figura\u00a0 Coquimbo.<\/p>\n","protected":false},"author":2,"featured_media":6077,"comment_status":"open","ping_status":"open","sticky":false,"template":"","format":"standard","meta":{"footnotes":""},"categories":[3],"tags":[],"class_list":["post-6076","post","type-post","status-publish","format-standard","has-post-thumbnail","hentry","category-actualidad"],"_links":{"self":[{"href":"https:\/\/www.radiolimari.cl\/index.php?rest_route=\/wp\/v2\/posts\/6076","targetHints":{"allow":["GET"]}}],"collection":[{"href":"https:\/\/www.radiolimari.cl\/index.php?rest_route=\/wp\/v2\/posts"}],"about":[{"href":"https:\/\/www.radiolimari.cl\/index.php?rest_route=\/wp\/v2\/types\/post"}],"author":[{"embeddable":true,"href":"https:\/\/www.radiolimari.cl\/index.php?rest_route=\/wp\/v2\/users\/2"}],"replies":[{"embeddable":true,"href":"https:\/\/www.radiolimari.cl\/index.php?rest_route=%2Fwp%2Fv2%2Fcomments&post=6076"}],"version-history":[{"count":1,"href":"https:\/\/www.radiolimari.cl\/index.php?rest_route=\/wp\/v2\/posts\/6076\/revisions"}],"predecessor-version":[{"id":6078,"href":"https:\/\/www.radiolimari.cl\/index.php?rest_route=\/wp\/v2\/posts\/6076\/revisions\/6078"}],"wp:featuredmedia":[{"embeddable":true,"href":"https:\/\/www.radiolimari.cl\/index.php?rest_route=\/wp\/v2\/media\/6077"}],"wp:attachment":[{"href":"https:\/\/www.radiolimari.cl\/index.php?rest_route=%2Fwp%2Fv2%2Fmedia&parent=6076"}],"wp:term":[{"taxonomy":"category","embeddable":true,"href":"https:\/\/www.radiolimari.cl\/index.php?rest_route=%2Fwp%2Fv2%2Fcategories&post=6076"},{"taxonomy":"post_tag","embeddable":true,"href":"https:\/\/www.radiolimari.cl\/index.php?rest_route=%2Fwp%2Fv2%2Ftags&post=6076"}],"curies":[{"name":"wp","href":"https:\/\/api.w.org\/{rel}","templated":true}]}}