{"id":6067,"date":"2021-10-19T19:34:10","date_gmt":"2021-10-19T19:34:10","guid":{"rendered":"http:\/\/www.radiolimari.cl\/?p=6067"},"modified":"2021-10-19T19:34:36","modified_gmt":"2021-10-19T19:34:36","slug":"en-monte-patria-la-nueva-dese-del-centro-de-formancion-tecnica-estatal-impartira-dos-carreras","status":"publish","type":"post","link":"https:\/\/www.radiolimari.cl\/?p=6067","title":{"rendered":"En Monte Patria la nueva sede del Centro de Formancion Tecnica Estatal impartir\u00e1 dos carreras"},"content":{"rendered":"<p><a href=\"https:\/\/www.radiolimari.cl\/wp-content\/uploads\/2021\/10\/19.10-monte-patria-cft.jpeg\"><img fetchpriority=\"high\" decoding=\"async\" class=\"alignnone size-medium wp-image-6068\" src=\"https:\/\/www.radiolimari.cl\/wp-content\/uploads\/2021\/10\/19.10-monte-patria-cft-300x185.jpeg\" alt=\"19.10 monte patria cft\" width=\"300\" height=\"185\" srcset=\"https:\/\/www.radiolimari.cl\/wp-content\/uploads\/2021\/10\/19.10-monte-patria-cft-300x185.jpeg 300w, https:\/\/www.radiolimari.cl\/wp-content\/uploads\/2021\/10\/19.10-monte-patria-cft-1024x634.jpeg 1024w, https:\/\/www.radiolimari.cl\/wp-content\/uploads\/2021\/10\/19.10-monte-patria-cft.jpeg 1168w\" sizes=\"(max-width: 300px) 100vw, 300px\" \/><\/a><\/p>\n<p><em>Tras gestiones entre el alcalde montepatrino y el rector del Centro de Formaci\u00f3n T\u00e9cnica de la regi\u00f3n de Coquimbo, se concret\u00f3 la oferta acad\u00e9mica para el a\u00f1o 2022 en la comuna.<\/em><!--more--><\/p>\n<p>Con gran entusiasmo y en dependencias del Liceo Bicentenario de Excelencia Presidente Eduardo Frei Montalva se realiz\u00f3 el lanzamiento de las dos carreras t\u00e9cnicas de nivel superior que se dictar\u00e1n el pr\u00f3ximo a\u00f1o en la comuna de Monte Patria: Administraci\u00f3n y Mantenimiento Industrial.<\/p>\n<p>En la ocasi\u00f3n estuvieron presentes el alcalde de Monte Patria, Cristian Herrera, el rector del Centro de Formaci\u00f3n T\u00e9cnica (CFT) estatal de la regi\u00f3n de Coquimbo, Hugo Keith, los concejales Carlos Castillo y Brajean Castillo, la representante del Departamento de Educaci\u00f3n Municipal, Carmen Gloria Oliva, y los directores, apoderados y estudiantes de los establecimientos educacionales locales.<\/p>\n<p>El alcalde Cristian Herrera manifest\u00f3 que es un momento hist\u00f3rico en la comuna y que gracias a esta nueva alianza hoy se logra contar oficialmente con una sede del CFT en Monte Patria, dando acceso a la educaci\u00f3n superior a la comunidad montepatrina.<\/p>\n<p>\u201cEs la primera vez que un Centro de Formaci\u00f3n T\u00e9cnica va a impartir educaci\u00f3n superior en Monte Patria. As\u00ed que estamos muy contentos, es un momento hist\u00f3rico y sabemos que esto tiene que ir creciendo. Partimos con dos carreras y esperamos que ya en el transcurso de los a\u00f1os se pueda tener una sede completa en Monte Patria, y con m\u00e1s carreras para entregar la posibilidad a nuestros j\u00f3venes y a nuestras personas adultas que tal vez no tuvieron la posibilidad de estudiar, que estudien una carrera t\u00e9cnica en nuestra propia comuna\u201d.<\/p>\n<p>Para el rector del CFT de la regi\u00f3n de Coquimbo, Hugo Keith \u201clo importante es haber acercado la oferta educativa de nivel superior a una comuna en la cual nosotros no estamos ubicados, pero el CFT es regional\u201d, sostuvo.<\/p>\n<p>Por su parte, el coordinador de la especialidad de refrigeraci\u00f3n y climatizaci\u00f3n del Liceo Bicentenario de Excelencia Presidente Eduardo Frei Montalva, Jacob Silva,\u00a0 se\u00f1al\u00f3 que \u201ceste a\u00f1o comenzaremos un trabajo con el CFT para que puedan ser reconocidos parte de los aprendizajes que los alumnos ya han recibido en la especialidad de refrigeraci\u00f3n y climatizaci\u00f3n. As\u00ed que muy felices con estas alianzas estrat\u00e9gicas para los j\u00f3venes y los trabajadores de la comuna\u201d.<\/p>\n<p>Las carreras han sido trabajadas y validadas por el equipo municipal y el Departamento de Educaci\u00f3n y el inicio de estas ser\u00e1 en el mes de abril del pr\u00f3ximo a\u00f1o. Los futuros alumnos ya se pueden empezar a matricular a trav\u00e9s de la web <a href=\"http:\/\/www.cftregi\u00f3ncoquimbo.cl\">www.cftregi\u00f3ncoquimbo.cl<\/a> y los requisitos principales son tener licencia de educaci\u00f3n media, un certificado de nacimiento y fotocopia de la c\u00e9dula de identidad.<\/p>\n<p>Es importante destacar que el CFT est\u00e1 adscrito a la gratuidad, lo que permite que personas que obtienen este beneficio, puedan estudiar sin incurrir en gastos de arancel de las carreras. Para obtener la gratuidad es necesario postular llenando el formulario que est\u00e1 en www.fuas.cl y el plazo cierra el 26 de octubre.<\/p>\n<p>Finalmente, y al igual que en el a\u00f1o 2021, se dispondr\u00e1 el ingreso especial v\u00eda reconocimiento de aprendizajes previos (RAP) para trabajadoras y trabajadores en ambas carreras. Este ingreso especial permite validar las competencias que las personas han adquirido durante el desempe\u00f1o de su vida laboral, acortando su proceso formativo.<\/p>\n<p>&nbsp;<\/p>\n","protected":false},"excerpt":{"rendered":"<p>Tras gestiones entre el alcalde montepatrino y el rector del Centro de Formaci\u00f3n T\u00e9cnica de la regi\u00f3n de Coquimbo, se concret\u00f3 la oferta acad\u00e9mica para el a\u00f1o 2022 en la comuna.<\/p>\n","protected":false},"author":2,"featured_media":6068,"comment_status":"open","ping_status":"open","sticky":false,"template":"","format":"standard","meta":{"footnotes":""},"categories":[5],"tags":[],"class_list":["post-6067","post","type-post","status-publish","format-standard","has-post-thumbnail","hentry","category-actualidad-limarina"],"_links":{"self":[{"href":"https:\/\/www.radiolimari.cl\/index.php?rest_route=\/wp\/v2\/posts\/6067","targetHints":{"allow":["GET"]}}],"collection":[{"href":"https:\/\/www.radiolimari.cl\/index.php?rest_route=\/wp\/v2\/posts"}],"about":[{"href":"https:\/\/www.radiolimari.cl\/index.php?rest_route=\/wp\/v2\/types\/post"}],"author":[{"embeddable":true,"href":"https:\/\/www.radiolimari.cl\/index.php?rest_route=\/wp\/v2\/users\/2"}],"replies":[{"embeddable":true,"href":"https:\/\/www.radiolimari.cl\/index.php?rest_route=%2Fwp%2Fv2%2Fcomments&post=6067"}],"version-history":[{"count":2,"href":"https:\/\/www.radiolimari.cl\/index.php?rest_route=\/wp\/v2\/posts\/6067\/revisions"}],"predecessor-version":[{"id":6070,"href":"https:\/\/www.radiolimari.cl\/index.php?rest_route=\/wp\/v2\/posts\/6067\/revisions\/6070"}],"wp:featuredmedia":[{"embeddable":true,"href":"https:\/\/www.radiolimari.cl\/index.php?rest_route=\/wp\/v2\/media\/6068"}],"wp:attachment":[{"href":"https:\/\/www.radiolimari.cl\/index.php?rest_route=%2Fwp%2Fv2%2Fmedia&parent=6067"}],"wp:term":[{"taxonomy":"category","embeddable":true,"href":"https:\/\/www.radiolimari.cl\/index.php?rest_route=%2Fwp%2Fv2%2Fcategories&post=6067"},{"taxonomy":"post_tag","embeddable":true,"href":"https:\/\/www.radiolimari.cl\/index.php?rest_route=%2Fwp%2Fv2%2Ftags&post=6067"}],"curies":[{"name":"wp","href":"https:\/\/api.w.org\/{rel}","templated":true}]}}