{"id":6064,"date":"2021-10-19T18:26:16","date_gmt":"2021-10-19T18:26:16","guid":{"rendered":"http:\/\/www.radiolimari.cl\/?p=6064"},"modified":"2021-10-19T18:26:16","modified_gmt":"2021-10-19T18:26:16","slug":"fue-una-jornada-dolorosa-en-la-que-el-lumpen-y-la-delincuencia-afecto-a-las-personas-mas-vulnerables-dijo-el-delegado-presidencial-regional-ignacio-pinto","status":"publish","type":"post","link":"https:\/\/www.radiolimari.cl\/?p=6064","title":{"rendered":"\u201cFue una jornada dolorosa en la que el lumpen y la delincuencia afect\u00f3 a las personas m\u00e1s vulnerables\u201d dijo el Delegado presidencial Regional Ignacio Pinto"},"content":{"rendered":"<p><a href=\"https:\/\/www.radiolimari.cl\/wp-content\/uploads\/2021\/10\/19.10-ignacxio-pintyo.jpg\"><img fetchpriority=\"high\" decoding=\"async\" class=\"alignnone size-medium wp-image-6065\" src=\"https:\/\/www.radiolimari.cl\/wp-content\/uploads\/2021\/10\/19.10-ignacxio-pintyo-300x200.jpg\" alt=\"19.10 ignacxio pintyo\" width=\"300\" height=\"200\" srcset=\"https:\/\/www.radiolimari.cl\/wp-content\/uploads\/2021\/10\/19.10-ignacxio-pintyo-300x200.jpg 300w, https:\/\/www.radiolimari.cl\/wp-content\/uploads\/2021\/10\/19.10-ignacxio-pintyo.jpg 1024w\" sizes=\"(max-width: 300px) 100vw, 300px\" \/><\/a><\/p>\n<p><strong><em>La autoridad regional entreg\u00f3 el balance de seguridad tras las manifestaciones del 18 de octubre, en la que se registraron 19 detenidos.<\/em><\/strong><!--more--><\/p>\n<p>Diversos incidentes se registraron luego de las movilizaciones acontecidas durante la tarde y noche este lunes 18 de octubre en la conurbaci\u00f3n La Serena-Coquimbo. Episodios a los que se refiri\u00f3 el Delegado Presidencial, Ignacio Pinto.<\/p>\n<p>La autoridad regional indic\u00f3 que <strong>\u201clamentamos lo que se vivi\u00f3 ayer en la regi\u00f3n. Una jornada tremendamente dolorosa para quienes somos habitantes de esta regi\u00f3n. Ver el grado de violencia que se alcanz\u00f3 en las manifestaciones, claramente nos averg\u00fcenza. Es lamentable ver c\u00f3mo el lumpen y delincuentes se aprovechan de manifestaciones sociales para cometer vandalismos y afectar a las personas m\u00e1s vulnerables de la regi\u00f3n\u201d<\/strong>.<\/p>\n<p>A modo de balance, el Delegado Pinto, acompa\u00f1ado del General de Carabineros Rodrigo Espinoza y el Prefecto Inspector de la PDI, Ricardo Gatica, acot\u00f3 que <strong>\u201ctenemos 19 personas detenidas. Eso habla del profesionalismo con el que actu\u00f3 carabineros al entregar los antecedentes de las personas que fueron sorprendidas en actos delictivos. Estamos hablando de individuos que ten\u00edan armas de fuego y fuegos artificiales, muchos de ellos menores de edad\u201d<\/strong>.<strong>\u00a0<\/strong><\/p>\n<p>De los detenidos, 6 son de Ovalle, 6 de La Serena y 7 de Coquimbo. Se reportaron da\u00f1os en locales comerciales de Mall Plaza La Serena, en se\u00f1al\u00e9ticas, adem\u00e1s de destrozos en una garita de Carabineros en Coquimbo y robo de mobiliario en las obras de construcci\u00f3n del nuevo edificio consistorial fueron los principales actos que condenaron las autoridades.<\/p>\n<p><strong>\u201cNosotros contabilizamos unas 100 personas violentas en los desmanes. Algunos detenidos tienen antecedentes y se puso en conocimiento de la fiscal\u00eda. Hay 6 menores de edad, que causaron da\u00f1o, que fueron con intensi\u00f3n de agredir, uno en particular particip\u00f3 en varios episodios de desmanes, en se\u00f1al\u00e9ticas y hacia la caja de compensaci\u00f3n\u201d<\/strong>, inform\u00f3 el General Rodrigo Espinoza.<\/p>\n<p>En esta l\u00ednea, el Delegado Pinto enfatiz\u00f3 que <strong>\u201cen este local se deb\u00edan pagan 440 adultos mayores su pensi\u00f3n y no lo podr\u00e1n hacer porque un grupo de desalmados hizo da\u00f1o a esas dependencias y eso es inaceptable\u201d<\/strong>.<\/p>\n<p>Asimismo, el delegado conden\u00f3 la quema de un veh\u00edculo en el centro de La Serena. <strong>\u201cTampoco podemos permitir que haya personas en el mundo pol\u00edtico que sigan validando y haci\u00e9ndonos creer que quienes act\u00faan de esta manera est\u00e1n haciendo reivindicaciones sociales o son parte de presos pol\u00edticos que deben ser indultados. Nuestro trabajo va a seguir, incansablemente, en trabajar coordinadamente para detener a estas personas que son delincuentes y no tienen ninguna reivindicaci\u00f3n social y que solamente lo que hacen es da\u00f1ar a las personas m\u00e1s vulnerables de la Regi\u00f3n de Coquimbo\u201d<\/strong>, puntualiz\u00f3.<\/p>\n<p>Finalmente, sostuvo que se est\u00e1n recopilando todos los antecedentes para evaluar futuras querellas.<\/p>\n<p>&nbsp;<\/p>\n<p><strong>Protocolo policial.<\/strong><\/p>\n<p>Consultado sobre el episodio que afect\u00f3 al cuartel de la Polic\u00eda de Investigaciones, el jefe regional de la Instituci\u00f3n, Prefecto Inspector Ricardo Gatica, explic\u00f3 que hubo un grupo de personas que atacaron las dependencias y que ellos, de acuerdo a sus protocolos, actuaron para defender las instalaciones y al personal que se encontraba al interior.<\/p>\n<p><strong>\u201cLa manifestaci\u00f3n pas\u00f3 en forma pac\u00edfica y un grupo de individuos atacaron sin ninguna provocaci\u00f3n. A partir de ese ataque tuvimos que disuadirlos para evitar que hubiera m\u00e1s da\u00f1os, considerando al interior ten\u00edamos personal y que a un costado del edificio se encuentra el hospital de La Serena\u201d<\/strong>, consign\u00f3 el jefe policial.<\/p>\n","protected":false},"excerpt":{"rendered":"<p>La autoridad regional entreg\u00f3 el balance de seguridad tras las manifestaciones del 18 de octubre, en la que se registraron 19 detenidos.<\/p>\n","protected":false},"author":2,"featured_media":6065,"comment_status":"open","ping_status":"open","sticky":false,"template":"","format":"standard","meta":{"footnotes":""},"categories":[3],"tags":[],"class_list":["post-6064","post","type-post","status-publish","format-standard","has-post-thumbnail","hentry","category-actualidad"],"_links":{"self":[{"href":"https:\/\/www.radiolimari.cl\/index.php?rest_route=\/wp\/v2\/posts\/6064","targetHints":{"allow":["GET"]}}],"collection":[{"href":"https:\/\/www.radiolimari.cl\/index.php?rest_route=\/wp\/v2\/posts"}],"about":[{"href":"https:\/\/www.radiolimari.cl\/index.php?rest_route=\/wp\/v2\/types\/post"}],"author":[{"embeddable":true,"href":"https:\/\/www.radiolimari.cl\/index.php?rest_route=\/wp\/v2\/users\/2"}],"replies":[{"embeddable":true,"href":"https:\/\/www.radiolimari.cl\/index.php?rest_route=%2Fwp%2Fv2%2Fcomments&post=6064"}],"version-history":[{"count":1,"href":"https:\/\/www.radiolimari.cl\/index.php?rest_route=\/wp\/v2\/posts\/6064\/revisions"}],"predecessor-version":[{"id":6066,"href":"https:\/\/www.radiolimari.cl\/index.php?rest_route=\/wp\/v2\/posts\/6064\/revisions\/6066"}],"wp:featuredmedia":[{"embeddable":true,"href":"https:\/\/www.radiolimari.cl\/index.php?rest_route=\/wp\/v2\/media\/6065"}],"wp:attachment":[{"href":"https:\/\/www.radiolimari.cl\/index.php?rest_route=%2Fwp%2Fv2%2Fmedia&parent=6064"}],"wp:term":[{"taxonomy":"category","embeddable":true,"href":"https:\/\/www.radiolimari.cl\/index.php?rest_route=%2Fwp%2Fv2%2Fcategories&post=6064"},{"taxonomy":"post_tag","embeddable":true,"href":"https:\/\/www.radiolimari.cl\/index.php?rest_route=%2Fwp%2Fv2%2Ftags&post=6064"}],"curies":[{"name":"wp","href":"https:\/\/api.w.org\/{rel}","templated":true}]}}