{"id":6061,"date":"2021-10-19T18:15:23","date_gmt":"2021-10-19T18:15:23","guid":{"rendered":"http:\/\/www.radiolimari.cl\/?p=6061"},"modified":"2021-10-19T18:15:23","modified_gmt":"2021-10-19T18:15:23","slug":"municipio-de-ovalle-invita-a-participar-en-el-segundo-torneo-de-basquetbol-local","status":"publish","type":"post","link":"https:\/\/www.radiolimari.cl\/?p=6061","title":{"rendered":"Municipio de Ovalle invita a participar en el segundo torneo de b\u00e1squetbol local"},"content":{"rendered":"<p><a href=\"https:\/\/www.radiolimari.cl\/wp-content\/uploads\/2021\/10\/19.10-B\u00e1squetbol-2.jpg\"><img fetchpriority=\"high\" decoding=\"async\" class=\"alignnone size-medium wp-image-6062\" src=\"https:\/\/www.radiolimari.cl\/wp-content\/uploads\/2021\/10\/19.10-B\u00e1squetbol-2-300x200.jpg\" alt=\"19.10 B\u00e1squetbol (2)\" width=\"300\" height=\"200\" srcset=\"https:\/\/www.radiolimari.cl\/wp-content\/uploads\/2021\/10\/19.10-B\u00e1squetbol-2-300x200.jpg 300w, https:\/\/www.radiolimari.cl\/wp-content\/uploads\/2021\/10\/19.10-B\u00e1squetbol-2-1024x682.jpg 1024w\" sizes=\"(max-width: 300px) 100vw, 300px\" \/><\/a><\/p>\n<p><strong><em>El certamen, organizado por el municipio de Ovalle, se desarrollar\u00e1 durante los meses de noviembre y diciembre y se jugar\u00e1 los d\u00edas jueves y s\u00e1bado en las canchas del colegio Fray Jorge, villa Puerta del Sol, villa Los Parrones y los encuentros finales se disputar\u00e1n en el Cendyr Municipal. <\/em><\/strong><!--more--><\/p>\n<p>Los amantes del b\u00e1squetbol tendr\u00e1n una nueva oportunidad para medir sus capacidades, ya que el municipio local, durante los meses de noviembre y diciembre, realizar\u00e1 el \u201cSegundo Torneo Comunal de B\u00e1squetbol Inter Barrios Copa Ciudad de Ovalle\u201d. El certamen, organizado por la Oficina de Deportes y Recreaci\u00f3n se jugar\u00e1 en las canchas del Colegio Fray Jorge, y de las villas Puerta del Sol y Los Parrones y los encuentros finales se disputar\u00e1n en el Cendyr Municipal de Ovalle.<\/p>\n<p>El torneo se jugar\u00e1 bajo el sistema \u201cTodos contra Todos\u201d y los encuentros ser\u00e1n de 40 minutos, divididos en cuatro cuartos de 10 minutos. Los cuatro elencos con mayor puntaje jugar\u00e1n las semifinales y finales y luchar\u00e1n por la Copa Ciudad de Ovalle, y las escuadras que se posicionen del quinto al octavo lugar jugar\u00e1n la denominada \u201cCopa de Plata\u201d.<\/p>\n<p>A diferencia del campeonato pasado, se abrir\u00e1n las inscripciones para equipos de mujeres, quienes podr\u00e1n ser parte de esta iniciativa que busca potenciar el b\u00e1squetbol en nuestra ciudad. Los cuadros interesados en participar pueden asistir a la Oficina de Deportes y Recreaci\u00f3n del municipio de Ovalle, ubicada en Libertad 592, esquina Santiago, e inscribirse o comunicarse al 53 2 635553 o enviar un correo electr\u00f3nico a <a href=\"mailto:deporte@municipalidaddeovalle.cl\">deporte@municipalidaddeovalle.cl<\/a><\/p>\n<p>\u201cQuisimos realizar el campeonato de b\u00e1squetbol como forma de potenciar esta disciplina en nuestra ciudad y nos sorprendimos en todos los aspectos, primero por el alto inter\u00e9s y tambi\u00e9n porque en Ovalle contamos con muchos jugadores talentosos y eso qued\u00f3 demostrado en los partidos de gran nivel que se jugaron en el primer torneo. Iniciamos este trabajo y queremos que se mantenga como algo permanente, para darle una alternativa a los aficionados a este deporte, para que practiquen y demuestren sus capacidades\u201d indic\u00f3 el alcalde de Ovalle, Claudio Renter\u00eda. Por su parte, el encargado de la Oficina de Deportes y Recreaci\u00f3n, Claudio Rojas hizo un positivo balance de la primera versi\u00f3n \u201cpor el alto nivel de juego y tambi\u00e9n porque tuvimos una muy buena participaci\u00f3n. Esto influy\u00f3 en que organiz\u00e1ramos este segundo campeonato porque con esta iniciativa hemos revitalizado el b\u00e1squetbol en nuestra comuna, sobretodo despu\u00e9s de la \u00e9poca m\u00e1s complicada de la pandemia, donde no se hicieron competencias deportivas de ning\u00fan tipo\u201d.<\/p>\n<p>&nbsp;<\/p>\n<p>&nbsp;<\/p>\n","protected":false},"excerpt":{"rendered":"<p>El certamen, organizado por el municipio de Ovalle, se desarrollar\u00e1 durante los meses de noviembre y diciembre y se jugar\u00e1 los d\u00edas jueves y s\u00e1bado en las canchas del colegio Fray Jorge, villa Puerta del Sol, villa Los Parrones y los encuentros finales se disputar\u00e1n en el Cendyr Municipal.<\/p>\n","protected":false},"author":2,"featured_media":6062,"comment_status":"open","ping_status":"open","sticky":false,"template":"","format":"standard","meta":{"footnotes":""},"categories":[5],"tags":[],"class_list":["post-6061","post","type-post","status-publish","format-standard","has-post-thumbnail","hentry","category-actualidad-limarina"],"_links":{"self":[{"href":"https:\/\/www.radiolimari.cl\/index.php?rest_route=\/wp\/v2\/posts\/6061","targetHints":{"allow":["GET"]}}],"collection":[{"href":"https:\/\/www.radiolimari.cl\/index.php?rest_route=\/wp\/v2\/posts"}],"about":[{"href":"https:\/\/www.radiolimari.cl\/index.php?rest_route=\/wp\/v2\/types\/post"}],"author":[{"embeddable":true,"href":"https:\/\/www.radiolimari.cl\/index.php?rest_route=\/wp\/v2\/users\/2"}],"replies":[{"embeddable":true,"href":"https:\/\/www.radiolimari.cl\/index.php?rest_route=%2Fwp%2Fv2%2Fcomments&post=6061"}],"version-history":[{"count":1,"href":"https:\/\/www.radiolimari.cl\/index.php?rest_route=\/wp\/v2\/posts\/6061\/revisions"}],"predecessor-version":[{"id":6063,"href":"https:\/\/www.radiolimari.cl\/index.php?rest_route=\/wp\/v2\/posts\/6061\/revisions\/6063"}],"wp:featuredmedia":[{"embeddable":true,"href":"https:\/\/www.radiolimari.cl\/index.php?rest_route=\/wp\/v2\/media\/6062"}],"wp:attachment":[{"href":"https:\/\/www.radiolimari.cl\/index.php?rest_route=%2Fwp%2Fv2%2Fmedia&parent=6061"}],"wp:term":[{"taxonomy":"category","embeddable":true,"href":"https:\/\/www.radiolimari.cl\/index.php?rest_route=%2Fwp%2Fv2%2Fcategories&post=6061"},{"taxonomy":"post_tag","embeddable":true,"href":"https:\/\/www.radiolimari.cl\/index.php?rest_route=%2Fwp%2Fv2%2Ftags&post=6061"}],"curies":[{"name":"wp","href":"https:\/\/api.w.org\/{rel}","templated":true}]}}