{"id":6056,"date":"2021-10-19T12:33:24","date_gmt":"2021-10-19T12:33:24","guid":{"rendered":"http:\/\/www.radiolimari.cl\/?p=6056"},"modified":"2021-10-19T12:34:53","modified_gmt":"2021-10-19T12:34:53","slug":"alcaldersa-de-rio-hurtado-y-alcalde-dr-vicuna-andacollo-y-la-higuera-junto-gobernadora-regional-inician-trabajo-en-el-nuevo-territorio-de-zonas-rezagadas","status":"publish","type":"post","link":"https:\/\/www.radiolimari.cl\/?p=6056","title":{"rendered":"Alcaldesa de R\u00edo Hurtado y Alcaldes de Vicu\u00f1a, Andacollo y la Higuera junto  Gobernadora Regional  inician trabajo en el nuevo territorio de Zonas Rezagadas."},"content":{"rendered":"<p><a href=\"https:\/\/www.radiolimari.cl\/wp-content\/uploads\/2021\/10\/19.10-zonas-rezagadas.jpeg\"><img fetchpriority=\"high\" decoding=\"async\" class=\"alignnone size-medium wp-image-6057\" src=\"https:\/\/www.radiolimari.cl\/wp-content\/uploads\/2021\/10\/19.10-zonas-rezagadas-300x225.jpeg\" alt=\"19.10 zonas rezagadas\" width=\"300\" height=\"225\" srcset=\"https:\/\/www.radiolimari.cl\/wp-content\/uploads\/2021\/10\/19.10-zonas-rezagadas-300x225.jpeg 300w, https:\/\/www.radiolimari.cl\/wp-content\/uploads\/2021\/10\/19.10-zonas-rezagadas.jpeg 1024w\" sizes=\"(max-width: 300px) 100vw, 300px\" \/><\/a><\/p>\n<p><strong>La reuni\u00f3n con municipios es el hito inicial para este trabajo que se desarrollar\u00e1 entre 2022 y 2025 en las comunas de R\u00edo Hurtado,\u00a0 La Higuera, Andacollo y Vicu\u00f1a, con el fin de disminuir la brecha de desigualdad entre el campo y las ciudades.<\/strong><!--more--><\/p>\n<p>Mientras la Gobernadora Regional, Krist Naranjo, y los alcaldes de Monte Patria, Punitaqui, Canela y Combarbal\u00e1 buscan extender el per\u00edodo del programa de zonas rezagadas para el territorio Limar\u00ed \u2013 Choapa, se dio inicio al trabajo para proyectar las v\u00edas de apoyo para el nuevo territorio, que considera a las comunas de La Higuera, Andacollo, R\u00edo Hurtado y Vicu\u00f1a.<\/p>\n<p>Un trabajo de gran relevancia para la autoridad regional, quien se\u00f1al\u00f3 que <strong>\u201ceste es uno de los programas que m\u00e1s debemos reforzar y es muy importante partir con estas comunas que no han tenido antes este programa. Hoy estuvimos viendo temas de inter\u00e9s que confluyen en estas comunas, como son el turismo, algunos emprendimientos, caminos y electrificaci\u00f3n rural, iniciativas en las que se puede trabajar a trav\u00e9s de estos programas sin las limitaciones que tienen otros proyectos que requieren de una rentabilidad social mayor\u201d.<\/strong><\/p>\n<p>El objetivo es articular un despliegue territorial en cada localidad y comuna, adem\u00e1s de la coordinaci\u00f3n entre todos los actores involucrados en esta nueva zona rezagada, para lo que se instalar\u00e1n mesas territoriales a partir del mes de noviembre con el fin de definir los principales focos de trabajo.<\/p>\n<p>La alcaldesa de R\u00edo Hurtado defini\u00f3 esta reuni\u00f3n como un gran paso para su comuna y las otras que conforman esta nueva zona rezagada, se\u00f1alando que <strong>\u201ctenemos muchos temas transversales que resolver, como es la infraestructura cr\u00edtica, adem\u00e1s de temas de nivel productivo y social dentro de las comunas. Nosotros en R\u00edo Hurtado vamos a empezar por las condiciones sanitarias, as\u00ed que estamos con los equipos disponibles para empezar el trabajo de consultas ciudadanas\u201d.<\/strong><\/p>\n<p>Un trabajo en el que las comunas de R\u00edo Hurtado, Vicu\u00f1a y Andacollo buscar\u00e1n adem\u00e1s optimizar y potenciar la Ruta Antakari. Sobre esto, la alcaldesa dijo que <strong>\u201cmanifestamos la importancia que tendr\u00eda para nosotros pavimentar esta ruta, dejarla completamente pavimentada, ya que es un paso de conectividad tanto productivo como social y tur\u00edstico\u201d.<\/strong><\/p>\n<p>Por su parte, el alcalde de Vicu\u00f1a, Rafael Vera agreg\u00f3 que <strong>\u201cestar en las zonas rezagadas significa proyectos y desarrollo para nuestros vecinos. Los temas transversales tienen que ver con el desarrollo y mejoramiento el\u00e9ctrico, la conectividad entre Andacollo y R\u00edo Hurtado, que la tenemos con Paihuano, y para lo que la Ruta Antakari es fundamental, por lo que, un proyecto que nos ayude a avanzar en esa l\u00ednea ser\u00eda notable\u201d.<\/strong><strong>\u00a0<\/strong><\/p>\n<p>El edil enfatiz\u00f3 adem\u00e1s en la necesidad de apoyar proyectos relacionados a la productividad en zonas rezagadas, con el fin de que puedan superar estas dificultades y desarrollarse a futuro de mejor manera sin dejar de lado sus vocaciones productivas y su cultura.<\/p>\n<p>Desde Andacollo, el alcalde Gerald Cerda, destac\u00f3 el car\u00e1cter participativo del trabajo realizado a trav\u00e9s de este programa, puntualizando que <strong>\u201cen este caso visibilizamos los sectores rurales, que son muchos y aqu\u00ed, la primera fase consiste en ver las necesidades de los representantes de diversos gremios de la ruralidad. En esta mesa, adem\u00e1s, se trabaja la l\u00ednea de las necesidades b\u00e1sicas humanas, donde debemos resguardar el sentimiento de identidad del campesinado del sector rural, pero adem\u00e1s, necesitamos trabajar en la educaci\u00f3n para los j\u00f3venes que salen de cuatro medio, los temas de salud y vivienda, adem\u00e1s de todo lo relacionado con la vialidad y conectividad\u201d.<\/strong><\/p>\n<p>Esta reuni\u00f3n con los municipios es un primer paso para la construcci\u00f3n del nuevo plan, instancia que dar\u00e1 paso a la participaci\u00f3n ciudadana, de car\u00e1cter p\u00fablico-privada, un levantamiento de diagn\u00f3stico y posterior definici\u00f3n del foco del plan.<\/p>\n<p>Con esto, se establecer\u00e1n las mesas tem\u00e1ticas, que debido a la pandemia se trabajar\u00e1 por comuna para luego sistematizar los resultados y definir como territorio, a partir de esto, se constituir\u00e1n las mesas tem\u00e1ticas con presencia de servicios p\u00fablicos y privados y, con ellos, se construir\u00e1 una cartera de iniciativas de programas y proyectos, que luego pasar\u00e1n por aprobaci\u00f3n del CORE y Subdere.<\/p>\n","protected":false},"excerpt":{"rendered":"<p>La reuni\u00f3n con municipios es el hito inicial para este trabajo que se desarrollar\u00e1 entre 2022 y 2025 en las comunas de R\u00edo Hurtado,\u00a0 La Higuera, Andacollo y Vicu\u00f1a, con el fin de disminuir la brecha de desigualdad entre el campo y las ciudades.<\/p>\n","protected":false},"author":2,"featured_media":6057,"comment_status":"open","ping_status":"open","sticky":false,"template":"","format":"standard","meta":{"footnotes":""},"categories":[6],"tags":[],"class_list":["post-6056","post","type-post","status-publish","format-standard","has-post-thumbnail","hentry","category-regionales"],"_links":{"self":[{"href":"https:\/\/www.radiolimari.cl\/index.php?rest_route=\/wp\/v2\/posts\/6056","targetHints":{"allow":["GET"]}}],"collection":[{"href":"https:\/\/www.radiolimari.cl\/index.php?rest_route=\/wp\/v2\/posts"}],"about":[{"href":"https:\/\/www.radiolimari.cl\/index.php?rest_route=\/wp\/v2\/types\/post"}],"author":[{"embeddable":true,"href":"https:\/\/www.radiolimari.cl\/index.php?rest_route=\/wp\/v2\/users\/2"}],"replies":[{"embeddable":true,"href":"https:\/\/www.radiolimari.cl\/index.php?rest_route=%2Fwp%2Fv2%2Fcomments&post=6056"}],"version-history":[{"count":3,"href":"https:\/\/www.radiolimari.cl\/index.php?rest_route=\/wp\/v2\/posts\/6056\/revisions"}],"predecessor-version":[{"id":6060,"href":"https:\/\/www.radiolimari.cl\/index.php?rest_route=\/wp\/v2\/posts\/6056\/revisions\/6060"}],"wp:featuredmedia":[{"embeddable":true,"href":"https:\/\/www.radiolimari.cl\/index.php?rest_route=\/wp\/v2\/media\/6057"}],"wp:attachment":[{"href":"https:\/\/www.radiolimari.cl\/index.php?rest_route=%2Fwp%2Fv2%2Fmedia&parent=6056"}],"wp:term":[{"taxonomy":"category","embeddable":true,"href":"https:\/\/www.radiolimari.cl\/index.php?rest_route=%2Fwp%2Fv2%2Fcategories&post=6056"},{"taxonomy":"post_tag","embeddable":true,"href":"https:\/\/www.radiolimari.cl\/index.php?rest_route=%2Fwp%2Fv2%2Ftags&post=6056"}],"curies":[{"name":"wp","href":"https:\/\/api.w.org\/{rel}","templated":true}]}}