{"id":6053,"date":"2021-10-14T14:07:14","date_gmt":"2021-10-14T14:07:14","guid":{"rendered":"http:\/\/www.radiolimari.cl\/?p=6053"},"modified":"2021-10-14T14:07:14","modified_gmt":"2021-10-14T14:07:14","slug":"este-viernes-se-realiza-estreno-nacional-de-nueva-obra-de-tryo-teatro-banda-sera-en-el-teatro-municipal-de-ovalle","status":"publish","type":"post","link":"https:\/\/www.radiolimari.cl\/?p=6053","title":{"rendered":"Este Viernes se realiza estreno nacional de nueva obra de \u00abTryo Teatro Banda\u00bb ser\u00e1 en el Teatro Municipal de Ovalle"},"content":{"rendered":"<p><a href=\"https:\/\/www.radiolimari.cl\/wp-content\/uploads\/2021\/10\/14.10-tmo.jpg\"><img fetchpriority=\"high\" decoding=\"async\" class=\"alignnone size-medium wp-image-6054\" src=\"https:\/\/www.radiolimari.cl\/wp-content\/uploads\/2021\/10\/14.10-tmo-300x238.jpg\" alt=\"14.10 tmo\" width=\"300\" height=\"238\" srcset=\"https:\/\/www.radiolimari.cl\/wp-content\/uploads\/2021\/10\/14.10-tmo-300x238.jpg 300w, https:\/\/www.radiolimari.cl\/wp-content\/uploads\/2021\/10\/14.10-tmo-1024x815.jpg 1024w, https:\/\/www.radiolimari.cl\/wp-content\/uploads\/2021\/10\/14.10-tmo.jpg 1675w\" sizes=\"(max-width: 300px) 100vw, 300px\" \/><\/a><\/p>\n<p><strong>El montaje es una producci\u00f3n impulsada entre Teatro Regional del Maule, Matucana 100 y Teatro Municipal de Ovalle. Las entradas ya se encuentran disponibles en www.tmo.cl<\/strong><\/p>\n<p><!--more--><\/p>\n<p>La compa\u00f1\u00eda Tryo Teatro Banda en una coproducci\u00f3n entre Matucana 100 (M100), Teatro Municipal de Ovalle (TMO) y Teatro Regional del Maule (TRM), desarrollar\u00e1 el estreno de la obra \u201cMagalh\u00e3es\u201d, respecto de la conmemoraci\u00f3n de los 500 a\u00f1os del \u201cdescubrimiento\u201d del Estrecho de Magallanes y la primera vuelta al mundo, en una expedici\u00f3n que dur\u00f3 3 a\u00f1os.<\/p>\n<p>Este espect\u00e1culo lleno de m\u00fasica, objetos visuales e informaci\u00f3n hist\u00f3rica tendr\u00e1 su estreno nacional en el TMO el pr\u00f3ximo viernes 15 y s\u00e1bado 16 de octubre a las 19:00 horas. En la oportunidad, la reconocida compa\u00f1\u00eda, con m\u00e1s de 20 a\u00f1os de trayectoria, se sumerge a contar uno de los episodios m\u00e1s apasionantes de la historia humana: como el portugu\u00e9s Fern\u00e3o Magalh\u00e3es lidera una expedici\u00f3n espa\u00f1ola que pretende llegar a las Islas de las Especias, ubicadas en las islas del Asia-Pac\u00edfico, navegando rumbo al poniente, para lo cual debe encontrar un misterioso paso a trav\u00e9s del continente americano: el que pasar\u00eda a la historia como Estrecho de Magallanes.<\/p>\n<p>Francisco S\u00e1nchez, director de Tryo Teatro Banda, entreg\u00f3 detalles del proceso creativo que realizan para la ejecuci\u00f3n de sus obras, \u201crecurrimos a fuentes literarias de distintas corrientes, leemos constantemente para entender los procesos hist\u00f3ricos que representamos, por ejemplo, hemos viajado y sentido el fr\u00edo en Magallanes, hemos experimentado emociones en Tierra del Fuego, en el fin del mundo. Existe mucha literatura sobre estos hechos, c\u00f3mo navegaban, c\u00f3mo se comportaban, etc. Durante la pandemia, cada integrante trabaj\u00f3 un personaje en su hogar y lo expuso con el resto de los compa\u00f1eros para entender con m\u00e1s propiedad y as\u00ed vamos construyendo la historia de la obra\u201d, afirm\u00f3 S\u00e1nchez.<\/p>\n<p>Por su parte, Alfredo Becerra, integrante del elenco, estableci\u00f3 que \u201cpartimos los ensayos en el 2019, logramos concluir en marzo de 2020 la primera parte de la obra, justo en el inicio de la pandemia, existi\u00f3 mucha incertidumbre, no sab\u00edamos cu\u00e1nto iba a durar, y as\u00ed pasaron los meses, seguimos trabajando, seguimos investigando, analizando la traves\u00eda y nos fuimos nutriendo de esa enorme cantidad de informaci\u00f3n, finalmente volvi\u00f3 la era de la normalidad hace poco, retomamos lo presencial y todo el trabajo virtual se volc\u00f3 de una manera maravillosa en estos meses de ensayo y concluir las dos partes de la obra\u201d, enfatiz\u00f3 el actor.<\/p>\n<p>El director ejecutivo de la Corporaci\u00f3n Cultural Municipal de Ovalle, Ifman Huerta Saavedra, se\u00f1al\u00f3 que \u201ccontamos con una alianza entre los espacios culturales, lo que nos ha permitido materializar diversos proyectos, como es el caso de esta funci\u00f3n de \u2018Magalh\u00e3es\u2019 que en plena pandemia mostramos un adelanto del trabajo, en formato digital, a trav\u00e9s de un conversatorio v\u00eda zoom con el elenco y hoy, cuando ya contamos con las puertas del TMO abiertas finalmente podemos ser parte de este gran estreno y dejamos a todos invitados a retirar sus entradas de forma gratuita en <a href=\"http:\/\/www.tmo.cl\">www.tmo.cl<\/a> y ser parte junto a nosotros de esta gran experiencia\u201d.<\/p>\n<p>Cabe destacar que posterior a las dos funciones gratuitas en el TMO, esta obra tendr\u00e1 una funci\u00f3n el 21 de octubre, a las 19:30 horas, en la sala principal del TRM y\u00a0 las entradas se encuentran disponibles en vivoticket.cl con precios desde los $3000 general y $6000 sector preferencial y en paralelo se realizar\u00e1 una funci\u00f3n especial el mismo d\u00eda, a las 11 horas, dirigida a estudiantes desde 6\u00ba b\u00e1sico a 4\u00b0 medio, donde el profesor a cargo deber\u00e1 inscribir a su curso en la web teatroregional.cl. al respecto la secretaria ejecutiva del Teatro Regional del Maule, Victoria Flores, agradeci\u00f3 el trabajo en conjunto entre estos tres centros culturales. \u201cAcercar las artes esc\u00e9nicas a las regiones es una de nuestras misiones m\u00e1s importantes y el trabajo realizado por nosotros y los dem\u00e1s centros culturales apuntan en fortalecer estas alianzas\u201d<\/p>\n<p>Mientras que el Centro Cultural Matucana 100, se realizar\u00e1n las funciones del 28 de octubre al 20 de noviembre, de mi\u00e9rcoles a s\u00e1bado, a las 20:00 horas; y el domingo, a las 19.00 horas, cuyas entradas tienen un precio de $6000 general, estudiantes y 3\u00ba edad $3000. \u201cNos enorgullece presentar en este trabajo asociativo una pieza como \u201cMagallanes\u201d, tanto por su contenido hist\u00f3rico, como por la capacidad creativa de Tryo Teatro Banda, lo que nos permite concretar y poner en relieve esta colaboraci\u00f3n y este aporte por descentralizar y ensanchar la creaci\u00f3n esc\u00e9nica a lo largo del territorio nacional\u201d, recalc\u00f3 Crist\u00f3bal Gumucio, director del Centro Cultural Matucana 100.<\/p>\n<p>&nbsp;<\/p>\n","protected":false},"excerpt":{"rendered":"<p>El montaje es una producci\u00f3n impulsada entre Teatro Regional del Maule, Matucana 100 y Teatro Municipal de Ovalle. Las entradas ya se encuentran disponibles en www.tmo.cl<\/p>\n","protected":false},"author":2,"featured_media":6054,"comment_status":"open","ping_status":"open","sticky":false,"template":"","format":"standard","meta":{"footnotes":""},"categories":[5],"tags":[],"class_list":["post-6053","post","type-post","status-publish","format-standard","has-post-thumbnail","hentry","category-actualidad-limarina"],"_links":{"self":[{"href":"https:\/\/www.radiolimari.cl\/index.php?rest_route=\/wp\/v2\/posts\/6053","targetHints":{"allow":["GET"]}}],"collection":[{"href":"https:\/\/www.radiolimari.cl\/index.php?rest_route=\/wp\/v2\/posts"}],"about":[{"href":"https:\/\/www.radiolimari.cl\/index.php?rest_route=\/wp\/v2\/types\/post"}],"author":[{"embeddable":true,"href":"https:\/\/www.radiolimari.cl\/index.php?rest_route=\/wp\/v2\/users\/2"}],"replies":[{"embeddable":true,"href":"https:\/\/www.radiolimari.cl\/index.php?rest_route=%2Fwp%2Fv2%2Fcomments&post=6053"}],"version-history":[{"count":1,"href":"https:\/\/www.radiolimari.cl\/index.php?rest_route=\/wp\/v2\/posts\/6053\/revisions"}],"predecessor-version":[{"id":6055,"href":"https:\/\/www.radiolimari.cl\/index.php?rest_route=\/wp\/v2\/posts\/6053\/revisions\/6055"}],"wp:featuredmedia":[{"embeddable":true,"href":"https:\/\/www.radiolimari.cl\/index.php?rest_route=\/wp\/v2\/media\/6054"}],"wp:attachment":[{"href":"https:\/\/www.radiolimari.cl\/index.php?rest_route=%2Fwp%2Fv2%2Fmedia&parent=6053"}],"wp:term":[{"taxonomy":"category","embeddable":true,"href":"https:\/\/www.radiolimari.cl\/index.php?rest_route=%2Fwp%2Fv2%2Fcategories&post=6053"},{"taxonomy":"post_tag","embeddable":true,"href":"https:\/\/www.radiolimari.cl\/index.php?rest_route=%2Fwp%2Fv2%2Ftags&post=6053"}],"curies":[{"name":"wp","href":"https:\/\/api.w.org\/{rel}","templated":true}]}}