{"id":6048,"date":"2021-10-14T13:48:04","date_gmt":"2021-10-14T13:48:04","guid":{"rendered":"http:\/\/www.radiolimari.cl\/?p=6048"},"modified":"2021-10-14T13:50:09","modified_gmt":"2021-10-14T13:50:09","slug":"emprendedores-de-ovalle-podran-vender-sus-productos-en-feria-patio-de-emprendedores","status":"publish","type":"post","link":"https:\/\/www.radiolimari.cl\/?p=6048","title":{"rendered":"Peque\u00f1os Comerciantes de Ovalle podr\u00e1n vender sus productos en Feria Patio de Emprendedores"},"content":{"rendered":"<p><a href=\"https:\/\/www.radiolimari.cl\/wp-content\/uploads\/2021\/10\/14.10-Patio-de-Emprendedores.jpg\"><img fetchpriority=\"high\" decoding=\"async\" class=\"alignnone size-medium wp-image-6049\" src=\"https:\/\/www.radiolimari.cl\/wp-content\/uploads\/2021\/10\/14.10-Patio-de-Emprendedores-300x211.jpg\" alt=\"14.10 Patio de Emprendedores\" width=\"300\" height=\"211\" srcset=\"https:\/\/www.radiolimari.cl\/wp-content\/uploads\/2021\/10\/14.10-Patio-de-Emprendedores-300x211.jpg 300w, https:\/\/www.radiolimari.cl\/wp-content\/uploads\/2021\/10\/14.10-Patio-de-Emprendedores.jpg 705w\" sizes=\"(max-width: 300px) 100vw, 300px\" \/><\/a><\/p>\n<p><em>Hasta\u00a0 el 17 de octubre, 14 peque\u00f1os comerciantes de la comuna participan en la Ferias Patio de Emprendedores, un espacio totalmente gratuito para ellos.<\/em><!--more--><\/p>\n<p>Telares, accesorios para mascotas, artesan\u00edas en lana y cuero, joyas y accesorios son algunos de los productos que se pueden encontrar en la Feria Patio de Emprendedores, una iniciativa que se realiza esta semana en Ovalle y que busca reactivar la econom\u00eda local de las comunidades.<\/p>\n<p>El proyecto es impulsado por Grupo Patio y cuenta con el respaldo de la Oficina de Fomento Productivo de la comuna y permitir\u00e1 que 14 peque\u00f1os comerciantes ofrezcan sus productos de manera totalmente gratuita.<\/p>\n<p>El espacio esta abierto entre el 14 y el 17 de octubre en Patio Mirador Ovalle (Av. Benjam\u00edn Vicu\u00f1a Mackenna #890) y se podr\u00e1 visitar entre las 11:00 y las 20:00 horas.<\/p>\n<p>\u201cLos emprendimientos se han visto muy afectados por la pandemia. En Grupo Patio estamos conscientes de aquello y por eso queremos contribuir a la reactivaci\u00f3n de los entornos cercanos a nuestros centros comerciales a trav\u00e9s de Patio de Emprendedores, una instancia totalmente gratuita para los peque\u00f1os productoresy que busca generar una mayor visibilidad de sus productos y mejorar sus ventas\u201d, explic\u00f3 Rodrigo Medina, gerente de sostenibilidad de Grupo Patio.<\/p>\n<p><strong>Ferias en todo Chile<\/strong><\/p>\n<p>Feria Patio de Emprendedores es una iniciativa que se lanz\u00f3 a fines de 2020 y, a la fecha, se han realizado 29 ferias en 15 comunas con m\u00e1s de 350 emprendedores.<\/p>\n<p>\u201cQueremos que nuestros espacios se transformen en puntos de encuentro con las comunidades cercanas a nuestros centros comerciales. Estamos convencidos de que nuestro negocio solo se sostiene si la relaci\u00f3n con nuestros vecinos es exitosa, por lo que buscamos tener un rol activo en el desarrollo de los territorios e insertarnos proactivamente en nuestro entorno directo\u201d, agreg\u00f3 Medina.<\/p>\n<p>&nbsp;<\/p>\n","protected":false},"excerpt":{"rendered":"<p>Hasta\u00a0 el 17 de octubre, 14 peque\u00f1os comerciantes de la comuna participan en la Ferias Patio de Emprendedores, un espacio totalmente gratuito para ellos.<\/p>\n","protected":false},"author":2,"featured_media":6049,"comment_status":"open","ping_status":"open","sticky":false,"template":"","format":"standard","meta":{"footnotes":""},"categories":[3],"tags":[],"class_list":["post-6048","post","type-post","status-publish","format-standard","has-post-thumbnail","hentry","category-actualidad"],"_links":{"self":[{"href":"https:\/\/www.radiolimari.cl\/index.php?rest_route=\/wp\/v2\/posts\/6048","targetHints":{"allow":["GET"]}}],"collection":[{"href":"https:\/\/www.radiolimari.cl\/index.php?rest_route=\/wp\/v2\/posts"}],"about":[{"href":"https:\/\/www.radiolimari.cl\/index.php?rest_route=\/wp\/v2\/types\/post"}],"author":[{"embeddable":true,"href":"https:\/\/www.radiolimari.cl\/index.php?rest_route=\/wp\/v2\/users\/2"}],"replies":[{"embeddable":true,"href":"https:\/\/www.radiolimari.cl\/index.php?rest_route=%2Fwp%2Fv2%2Fcomments&post=6048"}],"version-history":[{"count":3,"href":"https:\/\/www.radiolimari.cl\/index.php?rest_route=\/wp\/v2\/posts\/6048\/revisions"}],"predecessor-version":[{"id":6052,"href":"https:\/\/www.radiolimari.cl\/index.php?rest_route=\/wp\/v2\/posts\/6048\/revisions\/6052"}],"wp:featuredmedia":[{"embeddable":true,"href":"https:\/\/www.radiolimari.cl\/index.php?rest_route=\/wp\/v2\/media\/6049"}],"wp:attachment":[{"href":"https:\/\/www.radiolimari.cl\/index.php?rest_route=%2Fwp%2Fv2%2Fmedia&parent=6048"}],"wp:term":[{"taxonomy":"category","embeddable":true,"href":"https:\/\/www.radiolimari.cl\/index.php?rest_route=%2Fwp%2Fv2%2Fcategories&post=6048"},{"taxonomy":"post_tag","embeddable":true,"href":"https:\/\/www.radiolimari.cl\/index.php?rest_route=%2Fwp%2Fv2%2Ftags&post=6048"}],"curies":[{"name":"wp","href":"https:\/\/api.w.org\/{rel}","templated":true}]}}