{"id":6038,"date":"2021-10-08T14:26:23","date_gmt":"2021-10-08T14:26:23","guid":{"rendered":"http:\/\/www.radiolimari.cl\/?p=6038"},"modified":"2021-10-08T14:26:23","modified_gmt":"2021-10-08T14:26:23","slug":"festival-de-la-ciencia-difundira-conocimiento-y-entretencion-del-mar-a-las-estrellas","status":"publish","type":"post","link":"https:\/\/www.radiolimari.cl\/?p=6038","title":{"rendered":"Festival de la Ciencia difundir\u00e1 conocimiento y entretenci\u00f3n del mar a las estrellas"},"content":{"rendered":"<p><a href=\"https:\/\/www.radiolimari.cl\/wp-content\/uploads\/2021\/10\/8.10-Promo_FECI2021_Banner-Web.jpg\"><img fetchpriority=\"high\" decoding=\"async\" class=\"alignnone size-medium wp-image-6039\" src=\"https:\/\/www.radiolimari.cl\/wp-content\/uploads\/2021\/10\/8.10-Promo_FECI2021_Banner-Web-300x193.jpg\" alt=\"8.10 Promo_FECI2021_Banner Web\" width=\"300\" height=\"193\" srcset=\"https:\/\/www.radiolimari.cl\/wp-content\/uploads\/2021\/10\/8.10-Promo_FECI2021_Banner-Web-300x193.jpg 300w, https:\/\/www.radiolimari.cl\/wp-content\/uploads\/2021\/10\/8.10-Promo_FECI2021_Banner-Web-1024x660.jpg 1024w, https:\/\/www.radiolimari.cl\/wp-content\/uploads\/2021\/10\/8.10-Promo_FECI2021_Banner-Web.jpg 1312w\" sizes=\"(max-width: 300px) 100vw, 300px\" \/><\/a><\/p>\n<p><em>La iniciativa es una celebraci\u00f3n nacional, p\u00fablica y gratuita que invita a todas las personas a acercarse y disfrutar de los temas y fen\u00f3menos relacionados a la Ciencia, Tecnolog\u00eda, Conocimiento e Innovaci\u00f3n.<\/em><!--more--><\/p>\n<p>Por m\u00e1s que cueste creerlo o comprenderlo del todo, la ciencia est\u00e1 en todos lados: desde el tel\u00e9fono inteligente que llevamos en el bolsillo, pasando por la ropa que usamos hasta en los alimentos que ingerimos. Y precisamente, buscando que entendamos, aprendamos, pero por sobre todo, que nos fascinemos y divirtamos, en el mes de octubre llega una nueva versi\u00f3n del Festival de la Ciencia, FECI.<\/p>\n<p>El evento es una iniciativa del programa Ciencia P\u00fablica del Ministerio de Ciencia, Tecnolog\u00eda, Conocimiento e Innovaci\u00f3n, y ser\u00e1 desarrollado en la regi\u00f3n, entre el\u00a0 20 y 24 de octubre, por el Proyecto Explora Coquimbo, ejecutado por la Universidad Cat\u00f3lica del Norte.<\/p>\n<p>FECI es una celebraci\u00f3n nacional, p\u00fablica y gratuita que invita a todas las personas a acercarse y disfrutar de los temas y fen\u00f3menos relacionados a la Ciencia, Tecnolog\u00eda, Conocimiento e Innovaci\u00f3n.<\/p>\n<p><strong>Diversidad de actividades<\/strong><strong>\u00a0<\/strong><\/p>\n<p>\u201cFestejemos la ciencia del mar a las estrellas\u201d es el lema de todas las actividades que se desarrollar\u00e1n, de forma virtual y semi presencial, en nuestra zona, y que buscan difundir conocimiento y vincular a la ciencia con la cocina, el teatro, la m\u00fasica y la literatura; y que tambi\u00e9n, contempla charlas y conversatorios de salud, astronom\u00eda y cultivo de alimentos, entre otras materias.<\/p>\n<p>Instituciones regionales como CEAZA, NOIRLab-AURA, Universidad Santo Tom\u00e1s, Museo Arqueol\u00f3gico de La Serena, Museo del Limar\u00ed\u00a0 y Museo Gabriela Mistral de Vicu\u00f1a, conjuntamente con agrupaciones art\u00edsticas, ser\u00e1n parte de este festival con sus investigaciones, experiencias y presentaciones para todos y todas.<\/p>\n<p>Seg\u00fan explica el Encargado de FECI del Proyecto Explora Coquimbo, Franco Mar\u00edn: \u201ctenemos una parrilla llena de conocimientos para todas y todos los integrantes de la familia. Las y los interesados en inscribirse en nuestros talleres, charlas y conversatorios, obras de teatro y experiencias musicales, pueden encontrar toda la informaci\u00f3n en el sitio web explora.cl\/coquimbo\u201d.<\/p>\n<p>Por su parte, el Coordinador Ejecutivo del Proyecto Explora Coquimbo, Sergio Gonz\u00e1lez, explic\u00f3 que el Festival de la Ciencia es una celebraci\u00f3n de car\u00e1cter p\u00fablica que invita a la ciudadan\u00eda a acercarse a y apropiarse de los fen\u00f3menos de la ciencia, la tecnolog\u00eda, el conocimiento y la innovaci\u00f3n, \u201cmediante actividades participativas que asombran y entretienen y permiten una interacci\u00f3n entre el mundo de la ciencia y la sociedad en general, y tambi\u00e9n, a trav\u00e9s de espacios para la reflexi\u00f3n y el debate\u201d.<\/p>\n<p>\u00bfD\u00f3nde hallar toda la informaci\u00f3n de las actividades, d\u00eda por d\u00eda, del Festival de la Ciencia 2021? Para los eventos regionales, s\u00f3lo se debe ingresar a <a href=\"http:\/\/www.explora.cl\/coquimbo\">www.explora.cl\/coquimbo<\/a>, y tambi\u00e9n, estar atentos y atentas a las redes sociales (Twitter, Facebook e Instagram): @explora.coquimbo. En tanto, todas las iniciativas regionales estar\u00e1n disponibles en <a href=\"https:\/\/festivaldelaciencia.cl\/\">https:\/\/festivaldelaciencia.cl\/<\/a>.<\/p>\n","protected":false},"excerpt":{"rendered":"<p>La iniciativa es una celebraci\u00f3n nacional, p\u00fablica y gratuita que invita a todas las personas a acercarse y disfrutar de los temas y fen\u00f3menos relacionados a la Ciencia, Tecnolog\u00eda, Conocimiento e Innovaci\u00f3n.<\/p>\n","protected":false},"author":2,"featured_media":6039,"comment_status":"open","ping_status":"open","sticky":false,"template":"","format":"standard","meta":{"footnotes":""},"categories":[3],"tags":[],"class_list":["post-6038","post","type-post","status-publish","format-standard","has-post-thumbnail","hentry","category-actualidad"],"_links":{"self":[{"href":"https:\/\/www.radiolimari.cl\/index.php?rest_route=\/wp\/v2\/posts\/6038","targetHints":{"allow":["GET"]}}],"collection":[{"href":"https:\/\/www.radiolimari.cl\/index.php?rest_route=\/wp\/v2\/posts"}],"about":[{"href":"https:\/\/www.radiolimari.cl\/index.php?rest_route=\/wp\/v2\/types\/post"}],"author":[{"embeddable":true,"href":"https:\/\/www.radiolimari.cl\/index.php?rest_route=\/wp\/v2\/users\/2"}],"replies":[{"embeddable":true,"href":"https:\/\/www.radiolimari.cl\/index.php?rest_route=%2Fwp%2Fv2%2Fcomments&post=6038"}],"version-history":[{"count":1,"href":"https:\/\/www.radiolimari.cl\/index.php?rest_route=\/wp\/v2\/posts\/6038\/revisions"}],"predecessor-version":[{"id":6040,"href":"https:\/\/www.radiolimari.cl\/index.php?rest_route=\/wp\/v2\/posts\/6038\/revisions\/6040"}],"wp:featuredmedia":[{"embeddable":true,"href":"https:\/\/www.radiolimari.cl\/index.php?rest_route=\/wp\/v2\/media\/6039"}],"wp:attachment":[{"href":"https:\/\/www.radiolimari.cl\/index.php?rest_route=%2Fwp%2Fv2%2Fmedia&parent=6038"}],"wp:term":[{"taxonomy":"category","embeddable":true,"href":"https:\/\/www.radiolimari.cl\/index.php?rest_route=%2Fwp%2Fv2%2Fcategories&post=6038"},{"taxonomy":"post_tag","embeddable":true,"href":"https:\/\/www.radiolimari.cl\/index.php?rest_route=%2Fwp%2Fv2%2Ftags&post=6038"}],"curies":[{"name":"wp","href":"https:\/\/api.w.org\/{rel}","templated":true}]}}