{"id":6032,"date":"2021-10-07T19:37:40","date_gmt":"2021-10-07T19:37:40","guid":{"rendered":"http:\/\/www.radiolimari.cl\/?p=6032"},"modified":"2021-10-07T19:37:40","modified_gmt":"2021-10-07T19:37:40","slug":"en-ovalle-instalaran-nuevas-senaleticas-de-identificacion-de-calles","status":"publish","type":"post","link":"https:\/\/www.radiolimari.cl\/?p=6032","title":{"rendered":"En Ovalle instalar\u00e1n nuevas se\u00f1al\u00e9ticas de identificaci\u00f3n de calles"},"content":{"rendered":"<p><a href=\"https:\/\/www.radiolimari.cl\/wp-content\/uploads\/2021\/10\/7.10-Nueva-se\u00f1al\u00e9tica-Ovalle.jpg\"><img fetchpriority=\"high\" decoding=\"async\" class=\"alignnone size-medium wp-image-6033\" src=\"https:\/\/www.radiolimari.cl\/wp-content\/uploads\/2021\/10\/7.10-Nueva-se\u00f1al\u00e9tica-Ovalle-300x200.jpg\" alt=\"7.10 Nueva se\u00f1al\u00e9tica Ovalle\" width=\"300\" height=\"200\" srcset=\"https:\/\/www.radiolimari.cl\/wp-content\/uploads\/2021\/10\/7.10-Nueva-se\u00f1al\u00e9tica-Ovalle-300x200.jpg 300w, https:\/\/www.radiolimari.cl\/wp-content\/uploads\/2021\/10\/7.10-Nueva-se\u00f1al\u00e9tica-Ovalle-1024x682.jpg 1024w\" sizes=\"(max-width: 300px) 100vw, 300px\" \/><\/a><\/p>\n<p><strong><em>Los sectores favorecidos ser\u00e1n El Portal, poblaci\u00f3n Limar\u00ed, Jos\u00e9 Tom\u00e1s Ovalle, la poblaci\u00f3n Fray Jorge, la extensi\u00f3n de Avenida Soldado S\u00e1nchez y la Avenida Manuel Pe\u00f1afiel.<\/em><\/strong><!--more--><\/p>\n<p>Con el prop\u00f3sito de ser una ciudad amigable, sobretodo con los visitantes, el municipio de Ovalle comenz\u00f3 la renovaci\u00f3n de las se\u00f1al\u00e9ticas que identifican las calles de la capital limarina. Esta intervenci\u00f3n, que parti\u00f3 en una primera etapa en el centro de Ovalle, en la extensi\u00f3n de Soldado S\u00e1nchez y en el sector El Mirador, se concret\u00f3 gracias al financiamiento de la Subsecretar\u00eda de Desarrollo Regional (SUBDERE), a trav\u00e9s del Programa de Mejoramiento Urbano (PMU), acci\u00f3n que tuvo una inversi\u00f3n de $29.745.785.<\/p>\n<p>Pero a este proyecto, se sumar\u00e1 una nueva etapa que contempla 122 puntos que se distribuir\u00e1n en las calles Clemente Fuentealba y Mar\u00eda In\u00e9s Corral de El Portal, Avenida Las Palmas y calle Diaguitas de la poblaci\u00f3n Limar\u00ed, calle Patricio Zeballos de la poblaci\u00f3n Jos\u00e9 Tom\u00e1s Ovalle, calle Alberto Blest Gana y calle Yungay de la poblaci\u00f3n Fray Jorge, la extensi\u00f3n de Avenida Soldado S\u00e1nchez y la Avenida Manuel Pe\u00f1afiel, intervenci\u00f3n que tendr\u00e1 una inversi\u00f3n de $31.757.203 de la misma l\u00ednea de financiamiento.<\/p>\n<p>Cada uno de estos lugares contar\u00e1 con una se\u00f1alizaci\u00f3n de color azul, con un aspecto renovado y con sus respectivos nombres, a lo que se suma el tel\u00e9fono del Plan Cuadrante de Carabineros que corresponda para cada sector. Las obras se iniciar\u00e1n en el mes de noviembre y tendr\u00e1n un plazo de ejecuci\u00f3n de 60 d\u00edas.<\/p>\n<p>Al respecto, el alcalde de Ovalle, Claudio Renter\u00eda indic\u00f3 que el prop\u00f3sito principal es que \u201cseamos una ciudad amigable y que cuente con las se\u00f1ales de tr\u00e1nsito, como las identificaciones de las calles y pasos peatonales, en buenas condiciones. Esto contribuye con la buena convivencia entre peatones y automovilistas y adem\u00e1s es un aporte importante para nuestros turistas, para que no tengan problemas para ubicar alguna direcci\u00f3n\u201d. Por su parte, el director de Tr\u00e1nsito Municipal, David Far\u00edas sostuvo que la importancia de esta se\u00f1al\u00e9tica radica en que \u201cel ordenamiento territorial vial es fundamental para evitar accidentes y dar m\u00e1s seguridad a los peatones y automovilistas. Adem\u00e1s, entrega una limpieza visual a los habitantes y visitantes de la comuna de Ovalle, todo lo anterior, impacta favorablemente en mejorar la log\u00edstica de distribuci\u00f3n de productos de compra electr\u00f3nica o entrega de correspondencia y una optimizaci\u00f3n en los tiempos de traslado, consumo de combustible y planificaci\u00f3n en las entregas\u201d.<\/p>\n<p>El municipio de Ovalle est\u00e1 trabajando en la tercera etapa de este proyecto, el cual contempla la identificaci\u00f3n de 240 puntos. El objetivo principal es ampliar y darle continuidad a esta iniciativa, para concluir en el sector urbano y luego seguir con la instalaci\u00f3n de se\u00f1al\u00e9ticas en la zona rural de la comuna.<\/p>\n","protected":false},"excerpt":{"rendered":"<p>Los sectores favorecidos ser\u00e1n El Portal, poblaci\u00f3n Limar\u00ed, Jos\u00e9 Tom\u00e1s Ovalle, la poblaci\u00f3n Fray Jorge, la extensi\u00f3n de Avenida Soldado S\u00e1nchez y la Avenida Manuel Pe\u00f1afiel.<\/p>\n","protected":false},"author":2,"featured_media":6033,"comment_status":"open","ping_status":"open","sticky":false,"template":"","format":"standard","meta":{"footnotes":""},"categories":[5],"tags":[],"class_list":["post-6032","post","type-post","status-publish","format-standard","has-post-thumbnail","hentry","category-actualidad-limarina"],"_links":{"self":[{"href":"https:\/\/www.radiolimari.cl\/index.php?rest_route=\/wp\/v2\/posts\/6032","targetHints":{"allow":["GET"]}}],"collection":[{"href":"https:\/\/www.radiolimari.cl\/index.php?rest_route=\/wp\/v2\/posts"}],"about":[{"href":"https:\/\/www.radiolimari.cl\/index.php?rest_route=\/wp\/v2\/types\/post"}],"author":[{"embeddable":true,"href":"https:\/\/www.radiolimari.cl\/index.php?rest_route=\/wp\/v2\/users\/2"}],"replies":[{"embeddable":true,"href":"https:\/\/www.radiolimari.cl\/index.php?rest_route=%2Fwp%2Fv2%2Fcomments&post=6032"}],"version-history":[{"count":1,"href":"https:\/\/www.radiolimari.cl\/index.php?rest_route=\/wp\/v2\/posts\/6032\/revisions"}],"predecessor-version":[{"id":6034,"href":"https:\/\/www.radiolimari.cl\/index.php?rest_route=\/wp\/v2\/posts\/6032\/revisions\/6034"}],"wp:featuredmedia":[{"embeddable":true,"href":"https:\/\/www.radiolimari.cl\/index.php?rest_route=\/wp\/v2\/media\/6033"}],"wp:attachment":[{"href":"https:\/\/www.radiolimari.cl\/index.php?rest_route=%2Fwp%2Fv2%2Fmedia&parent=6032"}],"wp:term":[{"taxonomy":"category","embeddable":true,"href":"https:\/\/www.radiolimari.cl\/index.php?rest_route=%2Fwp%2Fv2%2Fcategories&post=6032"},{"taxonomy":"post_tag","embeddable":true,"href":"https:\/\/www.radiolimari.cl\/index.php?rest_route=%2Fwp%2Fv2%2Ftags&post=6032"}],"curies":[{"name":"wp","href":"https:\/\/api.w.org\/{rel}","templated":true}]}}