{"id":6027,"date":"2021-10-07T19:17:10","date_gmt":"2021-10-07T19:17:10","guid":{"rendered":"http:\/\/www.radiolimari.cl\/?p=6027"},"modified":"2021-10-07T19:17:26","modified_gmt":"2021-10-07T19:17:26","slug":"basquetbol-y-voleibol-buscan-representantes-regionales-a-los-judejut-2021","status":"publish","type":"post","link":"https:\/\/www.radiolimari.cl\/?p=6027","title":{"rendered":"B\u00e1squetbol y voleibol buscan representantes regionales a los Judejut 2021"},"content":{"rendered":"<p><a href=\"https:\/\/www.radiolimari.cl\/wp-content\/uploads\/2021\/10\/7.10-basquetbol_judejut.jpg\"><img fetchpriority=\"high\" decoding=\"async\" class=\"alignnone size-medium wp-image-6028\" src=\"https:\/\/www.radiolimari.cl\/wp-content\/uploads\/2021\/10\/7.10-basquetbol_judejut-300x207.jpg\" alt=\"7.10 basquetbol_judejut\" width=\"300\" height=\"207\" srcset=\"https:\/\/www.radiolimari.cl\/wp-content\/uploads\/2021\/10\/7.10-basquetbol_judejut-300x207.jpg 300w, https:\/\/www.radiolimari.cl\/wp-content\/uploads\/2021\/10\/7.10-basquetbol_judejut.jpg 512w\" sizes=\"(max-width: 300px) 100vw, 300px\" \/><\/a><\/p>\n<p><b style=\"color: #222222;\"><i>Con torneos selectivos de en ambas disciplinas,\u00a0 la regi\u00f3n de Coquimbo busca a la selecci\u00f3n de los Juegos Deportivos de la Juventud Trasandina, Judejut 2021, en su versi\u00f3n nacional.<\/i><\/b><!--more--><\/p>\n<div style=\"color: #222222;\">En las comunas de Combarbal\u00e1, Coquimbo y La Serena, \u00a0el \u00a0Ministerio del Deporte y el Instituto \u00a0Nacional de Deportes, realizar\u00e1n \u00a0torneos \u00a0de b\u00e1squetbol y voleibol, \u00a0 a fin de seleccionar los representantes regionales, damas y varones, \u00a0que competir\u00e1n en la final \u00a0nacional-norte \u00a0de los Juegos Deportivos de la Juventud Trasandina Judejut 2021, instancias deportiva \u00a0internacional, que reun\u00eda a los departamentos, provincias y regiones del sur de Per\u00fa y Bolivia y del norte de Argentina \u00a0y Chile, que desde el a\u00f1o 2019, solo se realizan de manera regional en Chile y de manera departamental \u00a0en Per\u00fa y Bolivia.Para el Seremi \u00a0del Deporte Juan Carlos Fritis,<b><i>\u00a0\u201cEsta es una gran oportunidad, \u00a0para que los j\u00f3venes deportistas regionales, compitan entre s\u00ed, y podamos seleccionar \u00a0a los mejores, \u00a0que ser\u00e1n \u00a0nuestros representantes regionales en los pr\u00f3ximos Judejut, torneo \u00a0que marca el regreso a la actividad competitiva, tras largos meses, \u00a0que por la pandemia, s\u00f3lo se realizaban de manera virtual, aunque como Ministerio del Deporte \u00a0e Instituto del Deporte, nuestros t\u00e9cnicos y deportistas, \u00a0mantuvieron por la v\u00eda \u201con line\u201d, los entrenamientos y trabajo f\u00edsico constante, para mantener y mejorar la condici\u00f3n f\u00edsica, generando adem\u00e1s, \u00a0inter\u00e9s y entusiasmo \u00a0de los deportistas, \u00a0por sus disciplinas deportivas\u201d.<\/i><\/b><\/p>\n<p>El selectivo de b\u00e1squetbol, reunir\u00e1 a damas y varones \u00a0nacidos, \u00a0entre los a\u00f1os 2002 y 2007 (15 a 19 a\u00f1os), en un torneo organizado, tipo \u201cCopa Carranza\u201d, con equipos de Illapel, Salamanca, Los Vilos, La Serena y Coquimbo; \u00a0el pr\u00f3ximo d\u00eda viernes ocho, desde las quince horas en el Estadio Jos\u00e9 Iglesias (La Serena) y el mismo d\u00eda, desde las quince horas, en el Gimnasio Municipal de la comuna de Combarbal\u00e1, para finalizar el s\u00e1bado diecis\u00e9is de octubre, desde las quince horas (damas y varones), con la disputa del primer lugar, en el estadio Jos\u00e9 Iglesias Aguirre de La Serena.<\/p>\n<p>Por su parte, \u00a0la competencia de voleibol, se realizar\u00e1 de manera diferida damas (s\u00e1bado 9 de octubre) y varones (domingo 10 de octubre), \u00a0en el Gimnasio del \u00a0Colegio Crist\u00f3bal Col\u00f3n (Los Clarines 2201, sector Punta Mira, Coquimbo), con la participaci\u00f3n de los equipos que representan colegios y clubes deportivo y los inscritos como: \u00a0CD Planeta Voleibol, Colegio Crist\u00f3bal Col\u00f3n, CD Joga Voleibol, \u00a0Escuela Am\u00e9rica, CD Covolei, torneo que se disputar\u00e1 en tres set , para las damas y en cinco set para varones, cada una de las categor\u00edas, definir\u00e1 en el mismo \u00a0d\u00eda de competencia al equipo \u00a0ganador.<\/p>\n<\/div>\n<div style=\"color: #222222;\">Los ganadores de las eliminatorias, competir\u00e1n en la Final de los Juegos en la disciplina del b\u00e1squetbol los d\u00edas 6 de noviembre para damas\u00a0 y 9 del mismo mes para los varones y tendr\u00e1 como sede el Gimnasio Jos\u00e9 Iglesias de La Serena, en tanto el voleibol definir\u00e1n el ganador del certamen el la ciudad de Caldera, la misma fecha.<\/div>\n<div style=\"color: #222222;\"><\/div>\n<div style=\"color: #222222;\">\u00a0Los Juegos Trasandinos o Juegos Deportivos de la Juventud Trasandina, \u00a0JUDEJUT, \u00a0son un evento deportivo multidisciplinario, \u00a0para j\u00f3venes sub-19 damas y varones, \u00a0que se lleva a cabo anualmente entre los pa\u00edses de Argentina, Bolivia, Chile y Per\u00fa desde el a\u00f1o 1998, compitiendo \u00a0en: \u00a0atletismo, b\u00e1squetbol, ciclismo, gimnasia art\u00edstica, judo, nataci\u00f3n, taekwondo, tenis de mesa y voleibol. La modalidad, para este a\u00f1o, que al igual que el a\u00f1o 2019, se realiza, localmente \u00a0en los departamentos, provincias o regiones de los pa\u00edses participantes, la competencia internacional, no se disput\u00f3 el a\u00f1o 2020 por la pandemia.<\/div>\n<p>&nbsp;<\/p>\n","protected":false},"excerpt":{"rendered":"<p>Con torneos selectivos de en ambas disciplinas,\u00a0 la regi\u00f3n de Coquimbo busca a la selecci\u00f3n de los Juegos Deportivos de la Juventud Trasandina, Judejut 2021, en su versi\u00f3n nacional.<\/p>\n","protected":false},"author":2,"featured_media":6028,"comment_status":"open","ping_status":"open","sticky":false,"template":"","format":"standard","meta":{"footnotes":""},"categories":[3],"tags":[],"class_list":["post-6027","post","type-post","status-publish","format-standard","has-post-thumbnail","hentry","category-actualidad"],"_links":{"self":[{"href":"https:\/\/www.radiolimari.cl\/index.php?rest_route=\/wp\/v2\/posts\/6027","targetHints":{"allow":["GET"]}}],"collection":[{"href":"https:\/\/www.radiolimari.cl\/index.php?rest_route=\/wp\/v2\/posts"}],"about":[{"href":"https:\/\/www.radiolimari.cl\/index.php?rest_route=\/wp\/v2\/types\/post"}],"author":[{"embeddable":true,"href":"https:\/\/www.radiolimari.cl\/index.php?rest_route=\/wp\/v2\/users\/2"}],"replies":[{"embeddable":true,"href":"https:\/\/www.radiolimari.cl\/index.php?rest_route=%2Fwp%2Fv2%2Fcomments&post=6027"}],"version-history":[{"count":2,"href":"https:\/\/www.radiolimari.cl\/index.php?rest_route=\/wp\/v2\/posts\/6027\/revisions"}],"predecessor-version":[{"id":6030,"href":"https:\/\/www.radiolimari.cl\/index.php?rest_route=\/wp\/v2\/posts\/6027\/revisions\/6030"}],"wp:featuredmedia":[{"embeddable":true,"href":"https:\/\/www.radiolimari.cl\/index.php?rest_route=\/wp\/v2\/media\/6028"}],"wp:attachment":[{"href":"https:\/\/www.radiolimari.cl\/index.php?rest_route=%2Fwp%2Fv2%2Fmedia&parent=6027"}],"wp:term":[{"taxonomy":"category","embeddable":true,"href":"https:\/\/www.radiolimari.cl\/index.php?rest_route=%2Fwp%2Fv2%2Fcategories&post=6027"},{"taxonomy":"post_tag","embeddable":true,"href":"https:\/\/www.radiolimari.cl\/index.php?rest_route=%2Fwp%2Fv2%2Ftags&post=6027"}],"curies":[{"name":"wp","href":"https:\/\/api.w.org\/{rel}","templated":true}]}}