{"id":6024,"date":"2021-10-07T18:47:08","date_gmt":"2021-10-07T18:47:08","guid":{"rendered":"http:\/\/www.radiolimari.cl\/?p=6024"},"modified":"2021-10-07T18:47:08","modified_gmt":"2021-10-07T18:47:08","slug":"mas-de-8-mil-trabajadores-comenzaron-a-recibir-el-ife-laboral-en-la-region-de-coquimbo","status":"publish","type":"post","link":"https:\/\/www.radiolimari.cl\/?p=6024","title":{"rendered":"M\u00e1s de 8 mil trabajadores comenzaron a recibir el IFE Laboral en la regi\u00f3n de Coquimbo"},"content":{"rendered":"<p><a href=\"https:\/\/www.radiolimari.cl\/wp-content\/uploads\/2021\/10\/7.10-IFE-LABORAL-1.jpeg\"><img fetchpriority=\"high\" decoding=\"async\" class=\"alignnone size-medium wp-image-6025\" src=\"https:\/\/www.radiolimari.cl\/wp-content\/uploads\/2021\/10\/7.10-IFE-LABORAL-1-300x225.jpeg\" alt=\"7.10 IFE LABORAL (1)\" width=\"300\" height=\"225\" srcset=\"https:\/\/www.radiolimari.cl\/wp-content\/uploads\/2021\/10\/7.10-IFE-LABORAL-1-300x225.jpeg 300w, https:\/\/www.radiolimari.cl\/wp-content\/uploads\/2021\/10\/7.10-IFE-LABORAL-1-1024x768.jpeg 1024w, https:\/\/www.radiolimari.cl\/wp-content\/uploads\/2021\/10\/7.10-IFE-LABORAL-1.jpeg 1600w\" sizes=\"(max-width: 300px) 100vw, 300px\" \/><\/a><\/p>\n<p><strong><em>El beneficio que entrega el Gobierno para quienes formalicen una relaci\u00f3n laboral es compatible con otras ayudas sociales que entrega el estado con motivo de la pandemia.<\/em><\/strong><!--more--><\/p>\n<p>Desde inicios de este mes comenz\u00f3 el pago de beneficios correspondiente al IFE Laboral, herramienta que implement\u00f3 el Gobierno para incentivar el empleo formal y que beneficia a los trabajadores que inician una nueva relaci\u00f3n laboral con contrato de trabajo.<\/p>\n<p>A nivel nacional son m\u00e1s de 215 mil trabajadores han sido beneficiados con el IFE Laboral, mientras que en la regi\u00f3n de Coquimbo son 8.186 trabajadores y trabajadoras cuyas remuneraciones se vieron mejoradas con este beneficio.<\/p>\n<p>Al respecto el Delegado Presidencial, Ignacio Pinto, coment\u00f3 que \u201choy las cifras de desempleo nos muestran que las personas quieren ingresar al mundo del trabajo, estamos viendo mayor participaci\u00f3n. Como Gobierno hemos llevado adelante m\u00faltiples acciones para proteger y generar nuevas plazas laborales. Hasta ahora han sido m\u00e1s de 8 mil los beneficiados con este apoyo y es importante que las personas ocupen est\u00e1s herramientas, que postulen a este IFE Laboral porque representa un est\u00edmulo econ\u00f3mico muy importante, es un incremento a sus ingresos que nos permite ir mejorando la calidad del trabajo y tambi\u00e9n ir avanzando en la reactivaci\u00f3n econ\u00f3mica\u201d.<\/p>\n<p>En visita a las obras de reposici\u00f3n del borde costero en Coquimbo las autoridades regionales destacaron la cobertura del beneficio e hicieron un llamado a que m\u00e1s trabajadores postulen al IFE Laboral.<\/p>\n<p>En este sentido el Seremi del Trabajo, Mat\u00edas Villalobos, explic\u00f3 el objetivo del beneficio y dijo que \u201ca contar del 5 de octubre se comenz\u00f3 a pagar los primeros IFE Laboral que es un incentivo econ\u00f3mico y beneficio directo para los trabajadores que va entre un 50% y 60% de la remuneraci\u00f3n bruta mensual, que incentiva la contrataci\u00f3n formal de trabajadores. Lo que busca es que se recuperen los puestos de trabajos, que los trabajadores que se encontraban inactivos y que lamentablemente perdieron sus puestos de trabajo puedan reincorporarse de buena manera, es decir, con contrato de trabajo y pago de leyes sociales y adem\u00e1s con este beneficio que est\u00e1 entregando el gobierno del presidente Sebasti\u00e1n Pi\u00f1era\u201d.<\/p>\n<p>\u201cYa son m\u00e1s de 8.100 los trabajadores de la regi\u00f3n de Coquimbo que est\u00e1n recibiendo este beneficio y esperamos que los pr\u00f3ximos meses puedan sumarse muchos m\u00e1s a este IFE Laboral. Los \u00faltimos meses hemos ido visto que la regi\u00f3n ha disminuido la Tasa de Desocupaci\u00f3n, en los \u00faltimos 12 meses se han recuperado m\u00e1s de 34 mil puestos de trabajo donde m\u00e1s de 30 mil corresponden al sector privado\u201d, agreg\u00f3 el Seremi del Trabajo.<\/p>\n<p>El IFE Laboral es un subsidio se entrega a trabajadores con un nuevo contrato de trabajo a partir del 1 de agosto de 2021 o que sean beneficiarios del Subsidio al Nuevo Empleo, con una remuneraci\u00f3n mensual bruta no mayor a 3 Ingresos M\u00ednimos Mensuales (actualmente $1.011.000).<\/p>\n<p>El IFE Laboral considera un subsidio hasta el 50% de su Remuneraci\u00f3n Bruta Mensual, con un tope de $200.000 mensuales para trabajadores hombres entre 24 y 55 a\u00f1os.<\/p>\n<p>Mientras que, las mujeres mayores de 18 a\u00f1os, los j\u00f3venes entre 18 y 24 a\u00f1os, los hombres mayores de 55 a\u00f1os, las personas con discapacidad y asignatarios de pensi\u00f3n de invalidez recibir\u00e1n hasta el 60% de la Remuneraci\u00f3n Bruta Mensual, con un tope de $250.000 mensuales.<\/p>\n<p>Por su parte el director regional del SENCE, Carlos Covarrubias, manifest\u00f3 que \u201cla postulaci\u00f3n al IFE Laboral es un elemento que ayuda a las personas a incorporarse a un nuevo empleo. La invitaci\u00f3n es a los trabajadores que logren conseguir un trabajo en este periodo de aqu\u00ed a lo que resta del a\u00f1o o han ingresado a un empleo ahora o desde un mes atr\u00e1s, a que postulen y se informen acerca de este beneficio\u201d.<\/p>\n<p>Mientras que Ricardo Claver\u00eda, encargado de relaciones laborales de Viccsa, empresa a cargo de la reposici\u00f3n del borde costero, coment\u00f3 que \u201cha sido un buen incentivo tanto para los trabajadores como para la empresa. Ya que el IFE universal necesita un apoyo m\u00e1s all\u00e1 de la ayuda social con una reactivaci\u00f3n laboral y econ\u00f3mica. Por lo mismo, nosotros siempre estamos invitando a los trabajadores a que postulen a los beneficios\u201d<\/p>\n<p>Las postulaciones est\u00e1n disponibles en el sitio web <a href=\"http:\/\/www.subsidioalempleo.cl\">www.subsidioalempleo.cl<\/a> y el beneficio es compatible con el IFE Universal, el Ingreso M\u00ednimo Garantizado, el Subsidio Protege, el Bono Trabajo Mujer y el Subsidio Empleo Joven.<\/p>\n<p>&nbsp;<\/p>\n","protected":false},"excerpt":{"rendered":"<p>El beneficio que entrega el Gobierno para quienes formalicen una relaci\u00f3n laboral es compatible con otras ayudas sociales que entrega el estado con motivo de la pandemia.<\/p>\n","protected":false},"author":2,"featured_media":6025,"comment_status":"open","ping_status":"open","sticky":false,"template":"","format":"standard","meta":{"footnotes":""},"categories":[6],"tags":[],"class_list":["post-6024","post","type-post","status-publish","format-standard","has-post-thumbnail","hentry","category-regionales"],"_links":{"self":[{"href":"https:\/\/www.radiolimari.cl\/index.php?rest_route=\/wp\/v2\/posts\/6024","targetHints":{"allow":["GET"]}}],"collection":[{"href":"https:\/\/www.radiolimari.cl\/index.php?rest_route=\/wp\/v2\/posts"}],"about":[{"href":"https:\/\/www.radiolimari.cl\/index.php?rest_route=\/wp\/v2\/types\/post"}],"author":[{"embeddable":true,"href":"https:\/\/www.radiolimari.cl\/index.php?rest_route=\/wp\/v2\/users\/2"}],"replies":[{"embeddable":true,"href":"https:\/\/www.radiolimari.cl\/index.php?rest_route=%2Fwp%2Fv2%2Fcomments&post=6024"}],"version-history":[{"count":1,"href":"https:\/\/www.radiolimari.cl\/index.php?rest_route=\/wp\/v2\/posts\/6024\/revisions"}],"predecessor-version":[{"id":6026,"href":"https:\/\/www.radiolimari.cl\/index.php?rest_route=\/wp\/v2\/posts\/6024\/revisions\/6026"}],"wp:featuredmedia":[{"embeddable":true,"href":"https:\/\/www.radiolimari.cl\/index.php?rest_route=\/wp\/v2\/media\/6025"}],"wp:attachment":[{"href":"https:\/\/www.radiolimari.cl\/index.php?rest_route=%2Fwp%2Fv2%2Fmedia&parent=6024"}],"wp:term":[{"taxonomy":"category","embeddable":true,"href":"https:\/\/www.radiolimari.cl\/index.php?rest_route=%2Fwp%2Fv2%2Fcategories&post=6024"},{"taxonomy":"post_tag","embeddable":true,"href":"https:\/\/www.radiolimari.cl\/index.php?rest_route=%2Fwp%2Fv2%2Ftags&post=6024"}],"curies":[{"name":"wp","href":"https:\/\/api.w.org\/{rel}","templated":true}]}}