{"id":6021,"date":"2021-10-07T15:58:37","date_gmt":"2021-10-07T15:58:37","guid":{"rendered":"http:\/\/www.radiolimari.cl\/?p=6021"},"modified":"2021-10-07T15:58:37","modified_gmt":"2021-10-07T15:58:37","slug":"cambio-de-aforos-y-horarios-en-espacios-culturales-y-recreativos-tras-la-actualizacion-del-plan-paso-a-paso","status":"publish","type":"post","link":"https:\/\/www.radiolimari.cl\/?p=6021","title":{"rendered":"Cambio de aforos y horarios en espacios culturales y recreativos tras la actualizaci\u00f3n del Plan Paso a Paso"},"content":{"rendered":"<p><a href=\"https:\/\/www.radiolimari.cl\/wp-content\/uploads\/2021\/10\/7.10-aforos.jpg\"><img fetchpriority=\"high\" decoding=\"async\" class=\"alignnone size-medium wp-image-6022\" src=\"https:\/\/www.radiolimari.cl\/wp-content\/uploads\/2021\/10\/7.10-aforos-300x225.jpg\" alt=\"7.10 aforos\" width=\"300\" height=\"225\" srcset=\"https:\/\/www.radiolimari.cl\/wp-content\/uploads\/2021\/10\/7.10-aforos-300x225.jpg 300w, https:\/\/www.radiolimari.cl\/wp-content\/uploads\/2021\/10\/7.10-aforos-1024x768.jpg 1024w, https:\/\/www.radiolimari.cl\/wp-content\/uploads\/2021\/10\/7.10-aforos.jpg 1600w\" sizes=\"(max-width: 300px) 100vw, 300px\" \/><\/a><\/p>\n<p><strong>A partir del 7 de octubre el horario de los cines se extiende hasta las 00:30 am<\/strong><!--more--><\/p>\n<p>A principios de octubre comenz\u00f3 la actualizaci\u00f3n del Plan Paso a Paso y se pone t\u00e9rmino el Estado de Cat\u00e1strofe en todo el pa\u00eds, situaci\u00f3n que gener\u00f3 mayores aforos en rubros econ\u00f3micos muy golpeados por la pandemia, como el cine, gimnasios y diferentes actividades masivas en lugares cerrados.<\/p>\n<p>Uno de los cambios m\u00e1s significativos es que se eliminan las cuarentenas y se modifica la primera fase de \u201cCuarentena\u201d por \u201cRestricci\u00f3n\u201d, manteni\u00e9ndose las fases de Transici\u00f3n, Preparaci\u00f3n, Apertura Inicial, pero agregando la \u201cApertura Avanzada\u201d, siendo la regi\u00f3n de Magallanes la primera en avanzar a dicha fase.<\/p>\n<p>Tras el t\u00e9rmino del Estado de Cat\u00e1strofe, no existe restricci\u00f3n de movilidad y solo se reducir\u00e1 las aglomeraciones -sobre todo en espacios cerrados &#8211; de una empresa o tienda comercial, permitiendo as\u00ed el continuo funcionamiento de todas las pymes en las fases del Plan Paso a Paso.<\/p>\n<p>Durante la pandemia han sido varios los rubros que no han podido ejercer de manera habitual o con aforos que les permita rentabilidad en su actividad. Por lo mismo, a partir del 1 de octubre el funcionamiento de cines, el teatro y conciertos masivos han podido tener mayor notoriedad ante la disminuci\u00f3n de casos y la situaci\u00f3n favorable de la pandemia en Chile en la actualidad.<\/p>\n<p><strong>Nuevo Cinemark La Serena<\/strong><\/p>\n<p>El seremi de Econom\u00eda, Fomento y Turismo, Carlos Lillo \u00c1lamos, visit\u00f3 el nuevo Cinemark del Mall Plaza La Serena para conocer los aforos determinados para cada sala y el protocolo implementado para resguardar la salud de las personas.<\/p>\n<p><strong>\u201cHemos visto como la pandemia afect\u00f3 a diferentes sectores econ\u00f3micos, como tambi\u00e9n los espacios culturales y recreativos. Como Gobierno hemos colocado todo nuestro esfuerzo en permitir que diferentes rubros puedan ejercer, resguardando siempre las medidas pertinentes ante el complejo escenario sanitario. Gracias a un potente plan de vacunaci\u00f3n, en conjunto a otras medidas adoptadas, el escenario sanitario actual es mucho mejor al vivido al del 2020. Esto ha dado pie a ir modificando el plan Paso a Paso y as\u00ed activar fuertemente sectores econ\u00f3micos afectados por la pandemia\u201d<\/strong>, se\u00f1alo la autoridad de la cartera de Econom\u00eda.<\/p>\n<p>La Gerente de Cinemark Coquimbo, Andrea Carvalho, mencion\u00f3 que fue un proceso de generar el h\u00e1bito de la implementaci\u00f3n de los protocolos en el cine, en cuanto al distanciamiento en las butacas, y la espera en las entradas al recinto, debido a los aforos permitidos, pero que <strong>\u201cha sido bueno, puesto que la gente a respondido de manera favorable, ya que hemos tenido la fortuna que est\u00e1 concientizando el tema del Covid en la gente. Por tanto, no nos cost\u00f3 mucho volver a inculcar la cultura del cine a los espectadores\u201d.<\/strong><\/p>\n<p>El aforo m\u00e1ximo permitido por sala es de 250 butacas; sin embargo, la sala m\u00e1s grande del Cinemark La Serena actualmente tiene un aforo de 169 personas. Despu\u00e9s de cada funci\u00f3n del cine, se procede a la sanitizaci\u00f3n del espacio, proceso que dura entre 40 a 50 minutos (dependiendo del tama\u00f1o de la sala).<\/p>\n<p>Actualmente el recinto recibe entre 600 a 800 clientes por d\u00eda y deja el ingreso a personas a trav\u00e9s del C\u00f3digo QR de los pases de movilidad.<\/p>\n<p><strong>\u201cTambi\u00e9n controlamos el pase de movilidad para permitir la entrada a nuestras instalaciones, tanto para el ingreso al recinto como tambi\u00e9n a las salas, lo cual nos da la tranquilidad que esa persona se encuentre en condiciones \u00f3ptimas con las inoculaciones al d\u00eda. Es una gran herramienta que mantiene tranquilo tanto a los trabajadores como a los clientes\u201d<\/strong>, mencion\u00f3 la Gerente respecto al control sanitario.<\/p>\n<p>Seg\u00fan Carvalho, durante el \u00faltimo tiempo <strong>\u201cno han ocurrido casos de contagios Covid en el \u00faltimo mes en los recintos Cinemark en todo el pa\u00eds y la fiscalizaci\u00f3n del Minsal no ha encontrado faltas en nuestros protocolos establecidos\u201d.<\/strong><\/p>\n<p>A partir del 7 de octubre se permiti\u00f3 extender el horario en los cines hasta las 00:30 horas y el patio de comida del patio del Mall Plaza La Serena hasta las 1 de la ma\u00f1ana.<\/p>\n","protected":false},"excerpt":{"rendered":"<p>A partir del 7 de octubre el horario de los cines se extiende hasta las 00:30 am<\/p>\n","protected":false},"author":2,"featured_media":6022,"comment_status":"open","ping_status":"open","sticky":false,"template":"","format":"standard","meta":{"footnotes":""},"categories":[3],"tags":[],"class_list":["post-6021","post","type-post","status-publish","format-standard","has-post-thumbnail","hentry","category-actualidad"],"_links":{"self":[{"href":"https:\/\/www.radiolimari.cl\/index.php?rest_route=\/wp\/v2\/posts\/6021","targetHints":{"allow":["GET"]}}],"collection":[{"href":"https:\/\/www.radiolimari.cl\/index.php?rest_route=\/wp\/v2\/posts"}],"about":[{"href":"https:\/\/www.radiolimari.cl\/index.php?rest_route=\/wp\/v2\/types\/post"}],"author":[{"embeddable":true,"href":"https:\/\/www.radiolimari.cl\/index.php?rest_route=\/wp\/v2\/users\/2"}],"replies":[{"embeddable":true,"href":"https:\/\/www.radiolimari.cl\/index.php?rest_route=%2Fwp%2Fv2%2Fcomments&post=6021"}],"version-history":[{"count":1,"href":"https:\/\/www.radiolimari.cl\/index.php?rest_route=\/wp\/v2\/posts\/6021\/revisions"}],"predecessor-version":[{"id":6023,"href":"https:\/\/www.radiolimari.cl\/index.php?rest_route=\/wp\/v2\/posts\/6021\/revisions\/6023"}],"wp:featuredmedia":[{"embeddable":true,"href":"https:\/\/www.radiolimari.cl\/index.php?rest_route=\/wp\/v2\/media\/6022"}],"wp:attachment":[{"href":"https:\/\/www.radiolimari.cl\/index.php?rest_route=%2Fwp%2Fv2%2Fmedia&parent=6021"}],"wp:term":[{"taxonomy":"category","embeddable":true,"href":"https:\/\/www.radiolimari.cl\/index.php?rest_route=%2Fwp%2Fv2%2Fcategories&post=6021"},{"taxonomy":"post_tag","embeddable":true,"href":"https:\/\/www.radiolimari.cl\/index.php?rest_route=%2Fwp%2Fv2%2Ftags&post=6021"}],"curies":[{"name":"wp","href":"https:\/\/api.w.org\/{rel}","templated":true}]}}