{"id":6015,"date":"2021-10-07T12:21:13","date_gmt":"2021-10-07T12:21:13","guid":{"rendered":"http:\/\/www.radiolimari.cl\/?p=6015"},"modified":"2021-10-07T12:21:13","modified_gmt":"2021-10-07T12:21:13","slug":"ya-esta-abierta-la-convocatoria-para-la-segunda-version-del-programa-artes-escenicas-itinerantes-regionales","status":"publish","type":"post","link":"https:\/\/www.radiolimari.cl\/?p=6015","title":{"rendered":"Ya esta abierta la convocatoria para la segunda versi\u00f3n del Programa Artes Esc\u00e9nicas Itinerantes Regionales"},"content":{"rendered":"<p><a href=\"https:\/\/www.radiolimari.cl\/wp-content\/uploads\/2021\/10\/7.10-artes-escenicas.jpg\"><img fetchpriority=\"high\" decoding=\"async\" class=\"alignnone size-medium wp-image-6016\" src=\"https:\/\/www.radiolimari.cl\/wp-content\/uploads\/2021\/10\/7.10-artes-escenicas-300x199.jpg\" alt=\"7.10 artes escenicas\" width=\"300\" height=\"199\" srcset=\"https:\/\/www.radiolimari.cl\/wp-content\/uploads\/2021\/10\/7.10-artes-escenicas-300x199.jpg 300w, https:\/\/www.radiolimari.cl\/wp-content\/uploads\/2021\/10\/7.10-artes-escenicas-1024x682.jpg 1024w, https:\/\/www.radiolimari.cl\/wp-content\/uploads\/2021\/10\/7.10-artes-escenicas.jpg 2048w\" sizes=\"(max-width: 300px) 100vw, 300px\" \/><\/a><\/p>\n<p><strong>El programa del Ministerio de las Culturas financiar\u00e1 proyectos de circulaci\u00f3n regional de obras, ya producidas y estrenadas, que difundan el trabajo de artistas y agrupaciones locales. El plazo de postulaci\u00f3n expira el 03 de noviembre 2021.<\/strong><!--more--><\/p>\n<p>Desde el 4 de octubre est\u00e1 abierta la segunda convocatoria del programa de Artes Esc\u00e9nicas Itinerantes Regionales del Ministerio de las Culturas, las Artes y el Patrimonio. La iniciativa busca financiar proyectos de itinerancia regional de obras ya estrenadas en las disciplinas de Teatro, Danza, Circo, T\u00edteres, Narraci\u00f3n Oral y \u00d3pera.<\/p>\n<p>La convocatoria impulsada desde la Secretar\u00eda Ejecutiva de las Artes Esc\u00e9nicas busca apoyar la programaci\u00f3n de proyectos de itinerancia regionaldeobras\u00a0ya producidas y estrenadas con p\u00fablico, las cuales difundan el trabajo de artistas y agrupaciones locales, permitiendo acercar las artes esc\u00e9nicas a todos los territorios y comunidades de cada regi\u00f3n del pa\u00eds, acortando as\u00ed brechas territoriales en la participaci\u00f3n cultural.<\/p>\n<p>Francisco Varas, seremi de las Culturas, destac\u00f3 que \u201cdurante 2020, la primera versi\u00f3n de este programa benefici\u00f3 a m\u00e1s de 30 artistas esc\u00e9nicos de la Regi\u00f3n de Coquimbo, con un monto superior a los 17 millones de pesos, gracias al proyecto \u2018Presente Ind\u00edgena\u2019 elaborado por la compa\u00f1\u00eda Circo La Cuarta Estaci\u00f3n, que cont\u00f3 tambi\u00e9n con la participaci\u00f3n de colectivo de danza La Manada y la Compa\u00f1\u00eda Junta Teatro. Este a\u00f1o contaremos con un monto m\u00e1s alto que el del a\u00f1o pasado, por lo que invitamos a artistas y creadores locales a revisar las bases y postular sus trabajos\u201d.<\/p>\n<p>Por su parte, la ministra de la cartera, Consuelo Vald\u00e9s, explic\u00f3 que para la presente edici\u00f3n, \u201cel programa financiar\u00e1 16 proyectos de itinerancia de artes esc\u00e9nicas en cada regi\u00f3n del pa\u00eds, para que ni\u00f1as, ni\u00f1os, j\u00f3venes y adultos de los territorios m\u00e1s apartados puedan disfrutar de estas disciplinas que son fundamentales y que generan tanta reflexi\u00f3n y creatividad.\u00a0 Adem\u00e1s, esta convocatoria considera un aumento global del presupuesto, llegando a un total de 350 millones a distribuir en todas regiones de Chile\u201d.<\/p>\n<p>Los recursos asignados a la Regi\u00f3n de Coquimbo aumentaron a $20.000.000, y los creadores que participen de este programa podr\u00e1n hacerlo en formato digital, presencial o h\u00edbrido, expirando el plazo de inscripci\u00f3n el 03 de noviembre 2021. Las bases y postulaci\u00f3n de la convocatoria estar\u00e1n disponibles en: <a href=\"https:\/\/www.fondosdecultura.cl\/artes-escenicas-itinerantes-regionales-2021\/\">https:\/\/www.fondosdecultura.cl\/artes-escenicas-itinerantes-regionales-2021\/<\/a><\/p>\n<p>&nbsp;<\/p>\n<p><strong>Capacitaci\u00f3n online<\/strong><\/p>\n<p>La Secretar\u00eda Ejecutiva de Artes Esc\u00e9nicas realizar\u00e1 una capacitaci\u00f3n en l\u00ednea sobre las bases de convocatoria el d\u00eda mi\u00e9rcoles 13 de octubre a las 18:00 horas en <a href=\"https:\/\/www.fondosdecultura.cl\/capacitaciones\/\">https:\/\/www.fondosdecultura.cl\/capacitaciones\/<\/a> . Cabe destacar que esta iniciativa no requiere de inscripci\u00f3n previa.<\/p>\n<p>&nbsp;<\/p>\n","protected":false},"excerpt":{"rendered":"<p>El programa del Ministerio de las Culturas financiar\u00e1 proyectos de circulaci\u00f3n regional de obras, ya producidas y estrenadas, que difundan el trabajo de artistas y agrupaciones locales. El plazo de postulaci\u00f3n expira el 03 de noviembre 2021.<\/p>\n","protected":false},"author":2,"featured_media":6016,"comment_status":"open","ping_status":"open","sticky":false,"template":"","format":"standard","meta":{"footnotes":""},"categories":[3],"tags":[],"class_list":["post-6015","post","type-post","status-publish","format-standard","has-post-thumbnail","hentry","category-actualidad"],"_links":{"self":[{"href":"https:\/\/www.radiolimari.cl\/index.php?rest_route=\/wp\/v2\/posts\/6015","targetHints":{"allow":["GET"]}}],"collection":[{"href":"https:\/\/www.radiolimari.cl\/index.php?rest_route=\/wp\/v2\/posts"}],"about":[{"href":"https:\/\/www.radiolimari.cl\/index.php?rest_route=\/wp\/v2\/types\/post"}],"author":[{"embeddable":true,"href":"https:\/\/www.radiolimari.cl\/index.php?rest_route=\/wp\/v2\/users\/2"}],"replies":[{"embeddable":true,"href":"https:\/\/www.radiolimari.cl\/index.php?rest_route=%2Fwp%2Fv2%2Fcomments&post=6015"}],"version-history":[{"count":1,"href":"https:\/\/www.radiolimari.cl\/index.php?rest_route=\/wp\/v2\/posts\/6015\/revisions"}],"predecessor-version":[{"id":6017,"href":"https:\/\/www.radiolimari.cl\/index.php?rest_route=\/wp\/v2\/posts\/6015\/revisions\/6017"}],"wp:featuredmedia":[{"embeddable":true,"href":"https:\/\/www.radiolimari.cl\/index.php?rest_route=\/wp\/v2\/media\/6016"}],"wp:attachment":[{"href":"https:\/\/www.radiolimari.cl\/index.php?rest_route=%2Fwp%2Fv2%2Fmedia&parent=6015"}],"wp:term":[{"taxonomy":"category","embeddable":true,"href":"https:\/\/www.radiolimari.cl\/index.php?rest_route=%2Fwp%2Fv2%2Fcategories&post=6015"},{"taxonomy":"post_tag","embeddable":true,"href":"https:\/\/www.radiolimari.cl\/index.php?rest_route=%2Fwp%2Fv2%2Ftags&post=6015"}],"curies":[{"name":"wp","href":"https:\/\/api.w.org\/{rel}","templated":true}]}}