{"id":6007,"date":"2021-10-06T19:57:39","date_gmt":"2021-10-06T19:57:39","guid":{"rendered":"http:\/\/www.radiolimari.cl\/?p=6007"},"modified":"2021-10-06T19:57:54","modified_gmt":"2021-10-06T19:57:54","slug":"en-la-region-de-coquimbo-17-mil-escolares-se-han-vacunado-contra-el-coronavirus","status":"publish","type":"post","link":"https:\/\/www.radiolimari.cl\/?p=6007","title":{"rendered":"En la Regi\u00f3n de Coquimbo 17 mil escolares se han vacunado contra el Coronavirus"},"content":{"rendered":"<p><a href=\"https:\/\/www.radiolimari.cl\/wp-content\/uploads\/2021\/10\/6.10-escolares-region-vacuna.jpg\"><img fetchpriority=\"high\" decoding=\"async\" class=\"alignnone size-medium wp-image-6008\" src=\"https:\/\/www.radiolimari.cl\/wp-content\/uploads\/2021\/10\/6.10-escolares-region-vacuna-300x225.jpg\" alt=\"6.10 escolares region vacuna\" width=\"300\" height=\"225\" srcset=\"https:\/\/www.radiolimari.cl\/wp-content\/uploads\/2021\/10\/6.10-escolares-region-vacuna-300x225.jpg 300w, https:\/\/www.radiolimari.cl\/wp-content\/uploads\/2021\/10\/6.10-escolares-region-vacuna-1024x768.jpg 1024w, https:\/\/www.radiolimari.cl\/wp-content\/uploads\/2021\/10\/6.10-escolares-region-vacuna.jpg 1600w\" sizes=\"(max-width: 300px) 100vw, 300px\" \/><\/a><\/p>\n<p><strong>El proceso de inoculaci\u00f3n se sigue desarrollando en vacunatorios, Cesfam y establecimientos educacionales.<\/strong><!--more--><\/p>\n<p>17 mil ni\u00f1os y ni\u00f1as de la regi\u00f3n de Coquimbo se han vacunado contra el Coronavirus, alcanzando un 22% de avance en el proceso que se enmarca en el Plan Escolar de Inmunizaciones.<\/p>\n<p>Los operativos se est\u00e1n desarrollando en vacunatorios, Cesfam y establecimientos educacionales, como fue el caso del Colegio Mar\u00eda Educa del Bosque San Carlos, en Coquimbo, con la inoculaci\u00f3n a escolares de ense\u00f1anza b\u00e1sica. \u201cLa vacuna sirve para no enfermarte, ni que te afecte tanto el Covid\u201d, cont\u00f3 Isabela Araya, de cuarto b\u00e1sico del establecimiento.<\/p>\n<p>Para Andrea Vel\u00e1squez, Seremi (S) de Salud, \u201cla vacunaci\u00f3n es un gesto de solidaridad y por eso hay que agradecer a los padres y apoderados de los menores que desde el 27 de septiembre est\u00e1n siendo vacunados tanto en los Cesfam como en los establecimientos educacionales. Valorar el inter\u00e9s que han mostrado los padres por inmunizar a sus hijos\u201d.<\/p>\n<p>La estrategia extramural de inoculaci\u00f3n escolar se inici\u00f3 el 27 de septiembre y considera una programaci\u00f3n detallada que realizan los centros de Atenci\u00f3n Primaria de Salud. \u201cEn un curso que tenga el 80% de sus estudiantes vacunados ya no ser\u00e1 necesario establecer un aforo determinado, podr\u00e1n asistir todos los alumnos y eso nos da una herramienta adicional para asegurar un proceso de aprendizaje presencial m\u00e1s efectivo\u201d, destac\u00f3 el Seremi de Educaci\u00f3n, Claudio Oyarz\u00fan.<\/p>\n<p>Antes de los operativos, los establecimientos env\u00edan informaci\u00f3n a los padres o tutores sobre las razones de por qu\u00e9 es importante vacunar a la poblaci\u00f3n pedi\u00e1trica y datos sobre la vacuna que se va a utilizar. Adem\u00e1s, se involucran los padres y apoderados, quienes deben dejar por escrito en un documento su autorizaci\u00f3n para realizar la vacunaci\u00f3n. \u201cEstoy muy agradecida que los ni\u00f1itos se est\u00e9n vacunando, vienen con entusiasmo, veo que hay hartos ni\u00f1itos que ni siquiera la han rechazado, que est\u00e1n solitos, es muy importante la vacuna y le doy las gracias al colegio que nos est\u00e1 protegiendo a todos\u201d, se\u00f1al\u00f3 Liliana Luna, apoderada del Colegio Mar\u00eda Educa.<\/p>\n<p>&nbsp;<\/p>\n<p>&nbsp;<\/p>\n","protected":false},"excerpt":{"rendered":"<p>El proceso de inoculaci\u00f3n se sigue desarrollando en vacunatorios, Cesfam y establecimientos educacionales.<\/p>\n","protected":false},"author":2,"featured_media":6008,"comment_status":"open","ping_status":"open","sticky":false,"template":"","format":"standard","meta":{"footnotes":""},"categories":[3],"tags":[],"class_list":["post-6007","post","type-post","status-publish","format-standard","has-post-thumbnail","hentry","category-actualidad"],"_links":{"self":[{"href":"https:\/\/www.radiolimari.cl\/index.php?rest_route=\/wp\/v2\/posts\/6007","targetHints":{"allow":["GET"]}}],"collection":[{"href":"https:\/\/www.radiolimari.cl\/index.php?rest_route=\/wp\/v2\/posts"}],"about":[{"href":"https:\/\/www.radiolimari.cl\/index.php?rest_route=\/wp\/v2\/types\/post"}],"author":[{"embeddable":true,"href":"https:\/\/www.radiolimari.cl\/index.php?rest_route=\/wp\/v2\/users\/2"}],"replies":[{"embeddable":true,"href":"https:\/\/www.radiolimari.cl\/index.php?rest_route=%2Fwp%2Fv2%2Fcomments&post=6007"}],"version-history":[{"count":2,"href":"https:\/\/www.radiolimari.cl\/index.php?rest_route=\/wp\/v2\/posts\/6007\/revisions"}],"predecessor-version":[{"id":6010,"href":"https:\/\/www.radiolimari.cl\/index.php?rest_route=\/wp\/v2\/posts\/6007\/revisions\/6010"}],"wp:featuredmedia":[{"embeddable":true,"href":"https:\/\/www.radiolimari.cl\/index.php?rest_route=\/wp\/v2\/media\/6008"}],"wp:attachment":[{"href":"https:\/\/www.radiolimari.cl\/index.php?rest_route=%2Fwp%2Fv2%2Fmedia&parent=6007"}],"wp:term":[{"taxonomy":"category","embeddable":true,"href":"https:\/\/www.radiolimari.cl\/index.php?rest_route=%2Fwp%2Fv2%2Fcategories&post=6007"},{"taxonomy":"post_tag","embeddable":true,"href":"https:\/\/www.radiolimari.cl\/index.php?rest_route=%2Fwp%2Fv2%2Ftags&post=6007"}],"curies":[{"name":"wp","href":"https:\/\/api.w.org\/{rel}","templated":true}]}}