{"id":6004,"date":"2021-10-06T16:54:39","date_gmt":"2021-10-06T16:54:39","guid":{"rendered":"http:\/\/www.radiolimari.cl\/?p=6004"},"modified":"2021-10-06T16:54:39","modified_gmt":"2021-10-06T16:54:39","slug":"gobernadora-regional-y-delegado-presidencial-abordaron-diversos-temas-en-su-primer-encuentro-oficial","status":"publish","type":"post","link":"https:\/\/www.radiolimari.cl\/?p=6004","title":{"rendered":"Gobernadora Regional y Delegado Presidencial abordaron diversos temas en su primer encuentro oficial"},"content":{"rendered":"<p><a href=\"https:\/\/www.radiolimari.cl\/wp-content\/uploads\/2021\/10\/6.10-delgacion.jpg\"><img fetchpriority=\"high\" decoding=\"async\" class=\"alignnone size-medium wp-image-6005\" src=\"https:\/\/www.radiolimari.cl\/wp-content\/uploads\/2021\/10\/6.10-delgacion-300x199.jpg\" alt=\"6.10 delgacion\" width=\"300\" height=\"199\" srcset=\"https:\/\/www.radiolimari.cl\/wp-content\/uploads\/2021\/10\/6.10-delgacion-300x199.jpg 300w, https:\/\/www.radiolimari.cl\/wp-content\/uploads\/2021\/10\/6.10-delgacion.jpg 800w\" sizes=\"(max-width: 300px) 100vw, 300px\" \/><\/a><\/p>\n<p><strong>La crisis clim\u00e1tica e h\u00eddrica fue el principal foco abordado durante la reuni\u00f3n de car\u00e1cter protocolar, en que ambas autoridades acordaron realizar un trabajo conjunto permanente, sobre todo en las \u00e1reas de mayor urgencia.<\/strong><!--more--><\/p>\n<p>El esperado encuentro entre la Gobernadora Regional, Krist Naranjo, y el Delegado Presidencial, Ignacio Pinto, tuvo lugar este mi\u00e9rcoles en las dependencias del Nuevo Gobierno Regional. Un primer encuentro de car\u00e1cter protocolar en que ambas autoridades acercaron posiciones y acordaron iniciar un trabajo colaborativo para abordar los principales temas y urgencias de la Regi\u00f3n de Coquimbo.<strong>\u00a0<\/strong><\/p>\n<p><strong>\u201cEra fundamental llegar a esta instancia y que pudi\u00e9ramos trabajar en conjunto. Si bien la figura del nuevo Gobernador o Gobernadora y la del Delegado Presidencial han creado algunas controversias anteriormente, creo que no podemos perder de foco que nosotros fuimos elegidos por la ciudadan\u00eda, democr\u00e1ticamente y en beneficio de la regi\u00f3n, que en algunos sectores necesita urgentemente apoyo y aqu\u00ed es fundamental el trabajo conjunto\u201d, dijo la Gobernadora Krist Naranjo tras el encuentro.<\/strong><strong>\u00a0<\/strong><\/p>\n<p>La autoridad regional agreg\u00f3 que la crisis h\u00eddrica y clim\u00e1tica, sin duda, es el tema m\u00e1s urgente que aqueja a la regi\u00f3n, sobre lo que el nuevo Gobierno Regional apunta a avanzar con urgencia, pero adem\u00e1s proyectando un cambio de visi\u00f3n e implementaci\u00f3n de pol\u00edticas hacia el futuro.<\/p>\n<p>Sobre las proyecciones de este trabajo, el Delegado presidencial, Ignacio Pinto, agreg\u00f3 que <strong>\u201chay muchos temas que debemos abordar en conjunto, y sabemos que las urgencias de las familias de la Regi\u00f3n de Coquimbo no distinguen si debe resolverlos la Delegaci\u00f3n presidencial o el Gobierno Regional, sino que son instituciones que deben trabajar coordinadamente. En ese sentido, tuvimos una muy buena primera reuni\u00f3n para ir coordinando los trabajos que van a ir realizando los equipos de ambas partes, entendiendo que hay una etapa de transici\u00f3n en el funcionamiento de ambas instituciones\u201d.<\/strong><strong>\u00a0<\/strong><\/p>\n<p>El objetivo es mantener el di\u00e1logo entre las distintas instituciones, como son el Gobierno regional, Delegaci\u00f3n presidencial, Consejo regional y seremis, con el fin de que las necesidades de la comunidad sean cubiertas con prontitud, los proyectos sigan avanzando y las familias de la Regi\u00f3n de Coquimbo puedan ir mejorando su calidad de vida.<\/p>\n","protected":false},"excerpt":{"rendered":"<p>La crisis clim\u00e1tica e h\u00eddrica fue el principal foco abordado durante la reuni\u00f3n de car\u00e1cter protocolar, en que ambas autoridades acordaron realizar un trabajo conjunto permanente, sobre todo en las \u00e1reas de mayor urgencia.<\/p>\n","protected":false},"author":2,"featured_media":6005,"comment_status":"open","ping_status":"open","sticky":false,"template":"","format":"standard","meta":{"footnotes":""},"categories":[6],"tags":[],"class_list":["post-6004","post","type-post","status-publish","format-standard","has-post-thumbnail","hentry","category-regionales"],"_links":{"self":[{"href":"https:\/\/www.radiolimari.cl\/index.php?rest_route=\/wp\/v2\/posts\/6004","targetHints":{"allow":["GET"]}}],"collection":[{"href":"https:\/\/www.radiolimari.cl\/index.php?rest_route=\/wp\/v2\/posts"}],"about":[{"href":"https:\/\/www.radiolimari.cl\/index.php?rest_route=\/wp\/v2\/types\/post"}],"author":[{"embeddable":true,"href":"https:\/\/www.radiolimari.cl\/index.php?rest_route=\/wp\/v2\/users\/2"}],"replies":[{"embeddable":true,"href":"https:\/\/www.radiolimari.cl\/index.php?rest_route=%2Fwp%2Fv2%2Fcomments&post=6004"}],"version-history":[{"count":1,"href":"https:\/\/www.radiolimari.cl\/index.php?rest_route=\/wp\/v2\/posts\/6004\/revisions"}],"predecessor-version":[{"id":6006,"href":"https:\/\/www.radiolimari.cl\/index.php?rest_route=\/wp\/v2\/posts\/6004\/revisions\/6006"}],"wp:featuredmedia":[{"embeddable":true,"href":"https:\/\/www.radiolimari.cl\/index.php?rest_route=\/wp\/v2\/media\/6005"}],"wp:attachment":[{"href":"https:\/\/www.radiolimari.cl\/index.php?rest_route=%2Fwp%2Fv2%2Fmedia&parent=6004"}],"wp:term":[{"taxonomy":"category","embeddable":true,"href":"https:\/\/www.radiolimari.cl\/index.php?rest_route=%2Fwp%2Fv2%2Fcategories&post=6004"},{"taxonomy":"post_tag","embeddable":true,"href":"https:\/\/www.radiolimari.cl\/index.php?rest_route=%2Fwp%2Fv2%2Ftags&post=6004"}],"curies":[{"name":"wp","href":"https:\/\/api.w.org\/{rel}","templated":true}]}}