{"id":5992,"date":"2021-10-05T20:13:25","date_gmt":"2021-10-05T20:13:25","guid":{"rendered":"http:\/\/www.radiolimari.cl\/?p=5992"},"modified":"2021-10-05T20:13:25","modified_gmt":"2021-10-05T20:13:25","slug":"municipalidad-de-monte-patria-cuenta-con-una-abogada-para-prestar-apoyo-a-organizaciones-comunitarias","status":"publish","type":"post","link":"https:\/\/www.radiolimari.cl\/?p=5992","title":{"rendered":"Municipalidad de Monte Patria cuenta con una abogada para prestar apoyo a organizaciones comunitarias"},"content":{"rendered":"<p><a href=\"https:\/\/www.radiolimari.cl\/wp-content\/uploads\/2021\/10\/5.10-Alejandra-Ortiz-abogada-comunitaria.jpeg\"><img fetchpriority=\"high\" decoding=\"async\" class=\"alignnone size-medium wp-image-5993\" src=\"https:\/\/www.radiolimari.cl\/wp-content\/uploads\/2021\/10\/5.10-Alejandra-Ortiz-abogada-comunitaria-225x300.jpeg\" alt=\"5.10 Alejandra Ortiz - abogada comunitaria\" width=\"225\" height=\"300\" srcset=\"https:\/\/www.radiolimari.cl\/wp-content\/uploads\/2021\/10\/5.10-Alejandra-Ortiz-abogada-comunitaria-225x300.jpeg 225w, https:\/\/www.radiolimari.cl\/wp-content\/uploads\/2021\/10\/5.10-Alejandra-Ortiz-abogada-comunitaria-768x1024.jpeg 768w, https:\/\/www.radiolimari.cl\/wp-content\/uploads\/2021\/10\/5.10-Alejandra-Ortiz-abogada-comunitaria.jpeg 960w\" sizes=\"(max-width: 225px) 100vw, 225px\" \/><\/a><\/p>\n<p><em>Se enmarca en uno de los compromisos de campa\u00f1a del alcalde, dentro de los primeros 100 d\u00edas de su gesti\u00f3n municipal.<\/em><!--more--><br \/>\n\u201cActualmente la Municipalidad de Monte Patria cuenta con una abogada comunitaria, quien asesora, orienta y presta servicios jur\u00eddicos a los vecinos y vecinas, y principalmente a las organizaciones territoriales de la comuna.<\/p>\n<p>\u201cDentro de mis funciones est\u00e1 el asesorar y orientar a los vecinos que concurran a la municipalidad solicitando asesor\u00eda jur\u00eddica. Tambi\u00e9n se deben de derivar a estos vecinos con las distintas instituciones p\u00fablicas y privadas que tengan intervenci\u00f3n en sus problem\u00e1ticas. Y tambi\u00e9n colaborar con las distintas organizaciones comunitarias cuando lo requieran. Dentro de la mayor\u00eda de consultas que se han generado dentro los \u00faltimo dos meses son en virtud de materia de agua, regularizaci\u00f3n de terreno y en materias de alimento que son las que mayormente se consultan. Finalmente invitarlos a los distintos operativos comunitarios que se ven a realizar en distintos territorios de la comuna, en los cuales vamos a estar prestando asesor\u00eda jur\u00eddica a los vecinos\u201d, explic\u00f3 Alejandra Ortiz, abogada comunitaria municipal.<\/p>\n<p>La profesional durante los dos \u00faltimos meses ha desarrollado distintos procesos de capacitaci\u00f3n y educaci\u00f3n para prevenir problemas legales para la ciudadan\u00eda, tales como las estafas telef\u00f3nicas a personas mayores. Y, por otra parte, ha orientando a los dirigentes respecto a problem\u00e1ticas jur\u00eddicas, por lo que han sido bastantes requerimientos que hasta el momento ha solicitado la comunidad, especialmente en materia de derecho civil y derecho de familia que son las mayores consultas que se han realizado.<\/p>\n<p>Al respecto, Ver\u00f3nica Z\u00e1rate, directora de DIDECO de la municipalidad de Monte Patria, se\u00f1ala que \u201cpara nosotros es muy relevante el rol que est\u00e1 cumpliendo la abogada comunitaria porque se est\u00e1 ampliando tambi\u00e9n el trabajo que ella ha desarrollado durante estos dos meses de gesti\u00f3n, a trav\u00e9s de los operativos comunitarios trabajando en el territorio y tambi\u00e9n vamos a comenzar a trabajar en procesos de capacitaci\u00f3n, el 16 de octubre ella va a participar del proceso de capacitaci\u00f3n hacia los dirigentes sociales ya estuvimos en una capacitaci\u00f3n con la Corporaci\u00f3n de Asistencia Judicial para los adultos mayores en temas de derecho a personas mayores y eso tambi\u00e9n va a ser la t\u00f3nica en el trabajo de la abogada para que las distintas tem\u00e1ticas que son de inter\u00e9s comunitario tambi\u00e9n se pueda educar a la comunidad para prevenir situaciones, especialmente asociadas a delitos que pueden ser v\u00edctimas las personas por desconocimiento. As\u00ed que muy contenta como directora de tener el apoyo de la abogada y de esta iniciativa de nuestro alcalde\u201d agreg\u00f3.<br \/>\nLa asistencia permanente de una abogada comunitaria en el municipio fue un compromiso durante los 100 primeros d\u00edas del alcalde Cristian Herrera en su campa\u00f1a. Lo que ya se ha puesto en marcha y hoy la Direcci\u00f3n de Desarrollo Comunitario cuenta con una profesional para prestar asesorar\u00eda y servicios jur\u00eddicos.<br \/>\nPor su parte, el edil de Monte Patria coment\u00f3 que \u201cmediante todos los recorridos que hemos sostenido con la comunidad en el territorio reuni\u00e9ndonos con las organizaciones y los vecinos. Ellos nos han planteado la necesidad de tener alguna asesor\u00eda legal que le ayude a realizar tr\u00e1mites. Si bien es cierto son muchas veces privados, pero por no tener los recursos quedan arrastrando problemas por mucho tiempo como deslindes, e incluso las organizaciones como tener en reglas sus propiedades, por eso definimos poder tener una abogada que pudiera atender estos requerimientos de nuestros vecinos. Hemos instalado la oficina con nuestra abogada comunitaria, que han tenido gran aceptaci\u00f3n y que ha ido resolviendo problemas y tambi\u00e9n ir mediando en algunos otros, porque no todos los problemas requieren de presentaciones judiciales, la funcionaria Alejandra Ortiz ha logrado eso y est\u00e1 atendiendo en la Direcci\u00f3n de Desarrollo Comunitario\u201d.<\/p>\n","protected":false},"excerpt":{"rendered":"<p>Se enmarca en uno de los compromisos de campa\u00f1a del alcalde, dentro de los primeros 100 d\u00edas de su gesti\u00f3n municipal.<\/p>\n","protected":false},"author":2,"featured_media":5993,"comment_status":"open","ping_status":"open","sticky":false,"template":"","format":"standard","meta":{"footnotes":""},"categories":[5],"tags":[],"class_list":["post-5992","post","type-post","status-publish","format-standard","has-post-thumbnail","hentry","category-actualidad-limarina"],"_links":{"self":[{"href":"https:\/\/www.radiolimari.cl\/index.php?rest_route=\/wp\/v2\/posts\/5992","targetHints":{"allow":["GET"]}}],"collection":[{"href":"https:\/\/www.radiolimari.cl\/index.php?rest_route=\/wp\/v2\/posts"}],"about":[{"href":"https:\/\/www.radiolimari.cl\/index.php?rest_route=\/wp\/v2\/types\/post"}],"author":[{"embeddable":true,"href":"https:\/\/www.radiolimari.cl\/index.php?rest_route=\/wp\/v2\/users\/2"}],"replies":[{"embeddable":true,"href":"https:\/\/www.radiolimari.cl\/index.php?rest_route=%2Fwp%2Fv2%2Fcomments&post=5992"}],"version-history":[{"count":1,"href":"https:\/\/www.radiolimari.cl\/index.php?rest_route=\/wp\/v2\/posts\/5992\/revisions"}],"predecessor-version":[{"id":5994,"href":"https:\/\/www.radiolimari.cl\/index.php?rest_route=\/wp\/v2\/posts\/5992\/revisions\/5994"}],"wp:featuredmedia":[{"embeddable":true,"href":"https:\/\/www.radiolimari.cl\/index.php?rest_route=\/wp\/v2\/media\/5993"}],"wp:attachment":[{"href":"https:\/\/www.radiolimari.cl\/index.php?rest_route=%2Fwp%2Fv2%2Fmedia&parent=5992"}],"wp:term":[{"taxonomy":"category","embeddable":true,"href":"https:\/\/www.radiolimari.cl\/index.php?rest_route=%2Fwp%2Fv2%2Fcategories&post=5992"},{"taxonomy":"post_tag","embeddable":true,"href":"https:\/\/www.radiolimari.cl\/index.php?rest_route=%2Fwp%2Fv2%2Ftags&post=5992"}],"curies":[{"name":"wp","href":"https:\/\/api.w.org\/{rel}","templated":true}]}}