{"id":5988,"date":"2021-10-04T20:23:43","date_gmt":"2021-10-04T20:23:43","guid":{"rendered":"http:\/\/www.radiolimari.cl\/?p=5988"},"modified":"2021-10-04T20:23:43","modified_gmt":"2021-10-04T20:23:43","slug":"en-ovalle-con-retrospectiva-de-sus-obras-rinden-homenaje-a-homero-martinez-salas","status":"publish","type":"post","link":"https:\/\/www.radiolimari.cl\/?p=5988","title":{"rendered":"En Ovalle con Retrospectiva de sus obras, rinden Homenaje a Homero Mart\u00ednez Salas"},"content":{"rendered":"<p><a href=\"https:\/\/www.radiolimari.cl\/wp-content\/uploads\/2021\/10\/4.10-homero-1.jpg\"><img fetchpriority=\"high\" decoding=\"async\" class=\"alignnone size-medium wp-image-5990\" src=\"https:\/\/www.radiolimari.cl\/wp-content\/uploads\/2021\/10\/4.10-homero-1-300x200.jpg\" alt=\"4.10 homero 1\" width=\"300\" height=\"200\" srcset=\"https:\/\/www.radiolimari.cl\/wp-content\/uploads\/2021\/10\/4.10-homero-1-300x200.jpg 300w, https:\/\/www.radiolimari.cl\/wp-content\/uploads\/2021\/10\/4.10-homero-1-1024x683.jpg 1024w\" sizes=\"(max-width: 300px) 100vw, 300px\" \/><\/a><\/p>\n<p><strong>M\u00e1s de 20 cuadros de uno de los artistas m\u00e1s relevantes de todos los tiempos componen la exposici\u00f3n que se inaugurar\u00e1 este jueves 07 de octubre a las 19:30 horas en la Galer\u00eda homero Mart\u00ednez Salas<\/strong><!--more--><\/p>\n<p>Homero Mart\u00ednez Salas es el nombre de la Galer\u00eda ubicada al interior del Centro Cultural Municipal de Ovalle, pero \u00bfQu\u00e9 hay detr\u00e1s de este nombre? \u00bfQui\u00e9n fue Homero Mart\u00ednez? Para algunos, quiz\u00e1 es un nombre desconocido, asociado al espacio cultural, pero para quienes lo conocieron y\/o han tenido la oportunidad de ver y admirar su trabajo es sin\u00f3nimo de un gran referente de las artes visuales en la provincia limarina.<\/p>\n<p>Este mes de Octubre \u00a0se cumplen 15 a\u00f1os de su desaparici\u00f3n f\u00edsica, sin embargo su legado art\u00edstico permanece intacto, y muestra de ello es que el pr\u00f3ximo jueves 07 de octubre a las 19:30 horas la Corporaci\u00f3n Cultural Municipal de Ovalle rendir\u00e1 un homenaje a\u00a0 uno de los artistas m\u00e1s relevantes de todos los tiempos en la escena local, a trav\u00e9s de la inauguraci\u00f3n de una Retrospectiva compuesta por m\u00e1s de 20 obras del pintor, las\u00a0 cuales fueron reunidas por los organizadores de la exposici\u00f3n.<\/p>\n<p>Si bien Homero Mart\u00ednez Salas es oriundo de Arica, gran parte de su vida transcurri\u00f3 en la comuna ovallina, donde desarroll\u00f3 su vida art\u00edstica,\u00a0 la cual se caracteriz\u00f3por su estilo surrealista plasmado en sus cuadros, los cuales hoy d\u00eda forman parte del tesoro de muchas familias ovallinas; que recuerdan y admiran a este prodigioso artista y que hacen posible esta retrospectiva al prestar sus obras para dicha exposici\u00f3n.<\/p>\n<p>El hijo de Homero Mart\u00ednez, Paulo Mart\u00ednez ha sido parte importante en la preparaci\u00f3n de esta exposici\u00f3n y manifiesta que \u201ca trav\u00e9s de esta retrospectiva la comunidad va a poder conocer la reflexi\u00f3n de mi padre ante la sociedad, su inspiraci\u00f3n, pero sobre todo las nuevas generaciones van a poder conocer su visi\u00f3n y legado. Esto es algo \u00fanico que marca un referente tanto a nivel regional como nacional\u201d.<\/p>\n<p>Cabe recordar que este pintor de la Escuela de Bellas Artes\u00a0 de Vi\u00f1a del Mar especializado en \u00f3leo y dibujo fund\u00f3 junto a otros artistas y gestores de Ovalle el grupo Neolimar\u00ed con el cual realiz\u00f3 varias exposiciones colectivas, cuyas obras fueron merecedoras de premios regionales y nacionales. \u00a0Al respecto el director ejecutivo de la Corporaci\u00f3n Cultural Municipal de Ovalle, \u00a0Ifman Huerta Saavedra se\u00f1al\u00f3 que \u201cconstantemente estamos generando instancias que nos permitan poner en valor a los artistas locales, ya sean nacidos en nuestra tierra u otros que de manera adoptiva se hicieron hijos de esta tierra y este es el caso de Homero Mart\u00ednez quien hace 15 a\u00f1os, espec\u00edficamente en octubre, nos dej\u00f3 y junto a sus familias y amigos logramos armar una selecci\u00f3n de diferentes trabajos de este gran artista, para as\u00ed rendirle un homenaje\u201d.<\/p>\n<p>El lenguaje utilizado por Homero, en sus obras, es surrealista con una notoria influencia de Salvador Dal\u00ed, con seres inanimados que cobraban vida; con seres mitol\u00f3gicos y en el \u00faltimo tiempo colores l\u00fagubres que dan la apariencia de una pintura g\u00f3tica. El dolor, el nacimiento, la muerte, el mito, son tem\u00e1ticas que se repiten en su obra las que eran combinadas con una belleza en la l\u00ednea que provocan fuerza y tensi\u00f3n de su arte.<\/p>\n<p>Sin duda su pintura fue mucho m\u00e1s que un simple ejercicio acad\u00e9mico, detr\u00e1s de sus abigarradas composiciones, se escond\u00eda una sensibilidad social muy acentuada, teniendo\u00a0 la capacidad de crear un lenguaje propio, el que se nutri\u00f3 tambi\u00e9n de iconos provenientes del mundo literario.<\/p>\n","protected":false},"excerpt":{"rendered":"<p>M\u00e1s de 20 cuadros de uno de los artistas m\u00e1s relevantes de todos los tiempos componen la exposici\u00f3n que se inaugurar\u00e1 este jueves 07 de octubre a las 19:30 horas en la Galer\u00eda homero Mart\u00ednez Salas<\/p>\n","protected":false},"author":2,"featured_media":5990,"comment_status":"open","ping_status":"open","sticky":false,"template":"","format":"standard","meta":{"footnotes":""},"categories":[5],"tags":[],"class_list":["post-5988","post","type-post","status-publish","format-standard","has-post-thumbnail","hentry","category-actualidad-limarina"],"_links":{"self":[{"href":"https:\/\/www.radiolimari.cl\/index.php?rest_route=\/wp\/v2\/posts\/5988","targetHints":{"allow":["GET"]}}],"collection":[{"href":"https:\/\/www.radiolimari.cl\/index.php?rest_route=\/wp\/v2\/posts"}],"about":[{"href":"https:\/\/www.radiolimari.cl\/index.php?rest_route=\/wp\/v2\/types\/post"}],"author":[{"embeddable":true,"href":"https:\/\/www.radiolimari.cl\/index.php?rest_route=\/wp\/v2\/users\/2"}],"replies":[{"embeddable":true,"href":"https:\/\/www.radiolimari.cl\/index.php?rest_route=%2Fwp%2Fv2%2Fcomments&post=5988"}],"version-history":[{"count":1,"href":"https:\/\/www.radiolimari.cl\/index.php?rest_route=\/wp\/v2\/posts\/5988\/revisions"}],"predecessor-version":[{"id":5991,"href":"https:\/\/www.radiolimari.cl\/index.php?rest_route=\/wp\/v2\/posts\/5988\/revisions\/5991"}],"wp:featuredmedia":[{"embeddable":true,"href":"https:\/\/www.radiolimari.cl\/index.php?rest_route=\/wp\/v2\/media\/5990"}],"wp:attachment":[{"href":"https:\/\/www.radiolimari.cl\/index.php?rest_route=%2Fwp%2Fv2%2Fmedia&parent=5988"}],"wp:term":[{"taxonomy":"category","embeddable":true,"href":"https:\/\/www.radiolimari.cl\/index.php?rest_route=%2Fwp%2Fv2%2Fcategories&post=5988"},{"taxonomy":"post_tag","embeddable":true,"href":"https:\/\/www.radiolimari.cl\/index.php?rest_route=%2Fwp%2Fv2%2Ftags&post=5988"}],"curies":[{"name":"wp","href":"https:\/\/api.w.org\/{rel}","templated":true}]}}