{"id":5972,"date":"2021-10-04T18:04:11","date_gmt":"2021-10-04T18:04:11","guid":{"rendered":"http:\/\/www.radiolimari.cl\/?p=5972"},"modified":"2021-10-04T19:34:57","modified_gmt":"2021-10-04T19:34:57","slug":"en-las-ultimas-dos-semanas-la-region-de-coquimboregistra-alza-de-un-92-en-casos-nuevos-de-covid_19","status":"publish","type":"post","link":"https:\/\/www.radiolimari.cl\/?p=5972","title":{"rendered":"En las \u00faltimas dos semanas la Regi\u00f3n de Coquimbo registra alza de un 92% en casos nuevos de Covid_19"},"content":{"rendered":"<p><a href=\"https:\/\/www.radiolimari.cl\/wp-content\/uploads\/2021\/10\/4.10-covid.jpeg\"><img fetchpriority=\"high\" decoding=\"async\" class=\"alignnone size-medium wp-image-5973\" src=\"https:\/\/www.radiolimari.cl\/wp-content\/uploads\/2021\/10\/4.10-covid-300x168.jpeg\" alt=\"4.10 covid\" width=\"300\" height=\"168\" srcset=\"https:\/\/www.radiolimari.cl\/wp-content\/uploads\/2021\/10\/4.10-covid-300x168.jpeg 300w, https:\/\/www.radiolimari.cl\/wp-content\/uploads\/2021\/10\/4.10-covid-1024x576.jpeg 1024w, https:\/\/www.radiolimari.cl\/wp-content\/uploads\/2021\/10\/4.10-covid.jpeg 1032w\" sizes=\"(max-width: 300px) 100vw, 300px\" \/><\/a><\/p>\n<p>En un nuevo balance sanitario, el Seremi (S) de Salud Roberto Villalobos Aguirre actualiz\u00f3 la situaci\u00f3n epidemiol\u00f3gica actual sobre el Covid_19 a nivel regional<!--more--><\/p>\n<p>\u201cDurante los \u00faltimos 14 d\u00edas, se ha presentado un preocupante aumento en un 92% en los casos nuevos asociados a Covid_19, superando actualmente los 200 casos activos y con una positividad del 1.2%\u201d, se\u00f1al\u00f3 el Seremi (S) de Salud.<\/p>\n<p>En este sentido, la autoridad sanitaria reiter\u00f3 el mensaje al autocuidado de la poblaci\u00f3n para evitar un alza en los contagios.<\/p>\n<p>\u201cEs importante que la poblaci\u00f3n contin\u00fae siendo responsable. La pandemia no ha finalizado y el Covid_19 contin\u00faa presente, por esta raz\u00f3n, debemos seguir respetando la normativa sanitaria, mantener en todo momento y lugar las medidas preventivas, s\u00f3lo as\u00ed evitaremos un alza en los contagios y la propagaci\u00f3n del virus a nivel regional\u201d, enfatiz\u00f3 el Seremi (S) Villalobos.<strong>\u00a0<\/strong><\/p>\n<p><strong>\u00a0<\/strong><\/p>\n<p><strong>Balance Sanitario<\/strong><\/p>\n<p>En relaci\u00f3n al balance sanitario, para hoy se informaron \u201c25 casos nuevos de Coronavirus, 13 de La Serena, 10 de Coquimbo, 1 de Andacollo y 1 de Salamanca. Con esto, se contabilizan 48.913 casos acumulados, con 211 contagios activos\u201d, finaliz\u00f3 el Seremi (S) Roberto Villalobos.<\/p>\n<p>Por su parte, nuestra estrategia de Residencias Sanitarias cuenta con una ocupaci\u00f3n de un 70% con 36 habitaciones disponibles a nivel regional.<strong>\u00a0<\/strong><\/p>\n<p><strong>BALANCE REGI\u00d3N DE COQUIMBO<\/strong><\/p>\n<p>Lunes 4 de octubre del 2021<\/p>\n<p>25 casos nuevos<\/p>\n<p>48.913 casos acumulados<\/p>\n<p>211 casos activos<\/p>\n<p>1.028 fallecidos<\/p>\n<p>Residencias Sanitarias: 70% de ocupaci\u00f3n<\/p>\n<p>Detalle Casos Nuevos:<\/p>\n<ul>\n<li>13 de La Serena<\/li>\n<li>10 de Coquimbo<\/li>\n<li>\u00a001 de Andacollo<\/li>\n<li>01 de Salamanca<\/li>\n<\/ul>\n<p>&nbsp;<\/p>\n","protected":false},"excerpt":{"rendered":"<p>En un nuevo balance sanitario, el Seremi (S) de Salud Roberto Villalobos Aguirre actualiz\u00f3 la situaci\u00f3n epidemiol\u00f3gica actual sobre el Covid_19 a nivel regional<\/p>\n","protected":false},"author":2,"featured_media":5973,"comment_status":"open","ping_status":"open","sticky":false,"template":"","format":"standard","meta":{"footnotes":""},"categories":[3],"tags":[],"class_list":["post-5972","post","type-post","status-publish","format-standard","has-post-thumbnail","hentry","category-actualidad"],"_links":{"self":[{"href":"https:\/\/www.radiolimari.cl\/index.php?rest_route=\/wp\/v2\/posts\/5972","targetHints":{"allow":["GET"]}}],"collection":[{"href":"https:\/\/www.radiolimari.cl\/index.php?rest_route=\/wp\/v2\/posts"}],"about":[{"href":"https:\/\/www.radiolimari.cl\/index.php?rest_route=\/wp\/v2\/types\/post"}],"author":[{"embeddable":true,"href":"https:\/\/www.radiolimari.cl\/index.php?rest_route=\/wp\/v2\/users\/2"}],"replies":[{"embeddable":true,"href":"https:\/\/www.radiolimari.cl\/index.php?rest_route=%2Fwp%2Fv2%2Fcomments&post=5972"}],"version-history":[{"count":2,"href":"https:\/\/www.radiolimari.cl\/index.php?rest_route=\/wp\/v2\/posts\/5972\/revisions"}],"predecessor-version":[{"id":5980,"href":"https:\/\/www.radiolimari.cl\/index.php?rest_route=\/wp\/v2\/posts\/5972\/revisions\/5980"}],"wp:featuredmedia":[{"embeddable":true,"href":"https:\/\/www.radiolimari.cl\/index.php?rest_route=\/wp\/v2\/media\/5973"}],"wp:attachment":[{"href":"https:\/\/www.radiolimari.cl\/index.php?rest_route=%2Fwp%2Fv2%2Fmedia&parent=5972"}],"wp:term":[{"taxonomy":"category","embeddable":true,"href":"https:\/\/www.radiolimari.cl\/index.php?rest_route=%2Fwp%2Fv2%2Fcategories&post=5972"},{"taxonomy":"post_tag","embeddable":true,"href":"https:\/\/www.radiolimari.cl\/index.php?rest_route=%2Fwp%2Fv2%2Ftags&post=5972"}],"curies":[{"name":"wp","href":"https:\/\/api.w.org\/{rel}","templated":true}]}}