{"id":5966,"date":"2020-12-18T22:36:15","date_gmt":"2020-12-18T22:36:15","guid":{"rendered":"http:\/\/www.radiolimari.cl\/?p=5966"},"modified":"2021-10-04T14:39:15","modified_gmt":"2021-10-04T14:39:15","slug":"columna-de-opinion-aniversario-de-punitaqui-la-comuna-del-progreso","status":"publish","type":"post","link":"https:\/\/www.radiolimari.cl\/?p=5966","title":{"rendered":"Columna de Opini\u00f3n:  Aniversario de Punitaqui, la comuna del progreso"},"content":{"rendered":"<p><strong>Columna de Opini\u00f3n<\/strong> <strong>Alcalde de Punitaqui, Carlos Araya Bugue\u00f1o<\/strong> \u00a0 \u00a0 La comuna de Punitaqui este 22 de diciembre cumple 129 a\u00f1os de vida. Hoy la conmemoraci\u00f3n y celebraci\u00f3n de nuestra tierra tiene que ser distinta. La pandemia nos obliga a reestructurar esta festividad, pero la tecnolog\u00eda es una aliada importante que nos permite para llegar a nuestros habitantes. Esta pandemia nos ha dado duro, nos ha golpeado fuerte y nos sigue azotando. El encierro, las cuarentenas, la p\u00e9rdida de empleo, el estar lejos de nuestros seres queridos, los contagiados y sin duda las vidas que se han ido nos marcan con dolor y angustia lo dif\u00edcil que ha sido este 2020. Por lo mismo este aniversario, se mira con dolor y desaz\u00f3n. Sin embargo, es importante resaltar el cambio rotundo que est\u00e1 teniendo esta comuna. Cuando asum\u00ed como alcalde el 2016 me propuse cambiarle el rostro a Punitaqui y eso se ha logrado. Este logro se consigui\u00f3 gracias al esfuerzo de muchos y muchas que han aportado para que el desarrollo y progreso comience a golpear las puertas de nuestras familias punitaquinas En esta fecha es importante agradecer a los funcionarios municipales que son la materia prima para generar todas las pol\u00edticas p\u00fablicas que ejecutamos. Tambi\u00e9n mencionar el aporte del concejo municipal y sobre todo el d la ciudadan\u00eda, su voz, su opini\u00f3n, incluso sus cr\u00edticas son primordiales para avanzar hacia una mejor comuna. Desde el comienzo de esta administraci\u00f3n me propuse terminar con los estigmas de ese Punitaqui rezagado, donde solo se acordaban de nosotros para los terremotos o temporales. Basta de eso, a Punitaqui y a su gente se le debe respeto y admiraci\u00f3n. El trabajo durante estos a\u00f1os ha sido productivo. Hemos cosechado un trabajo serio, responsable y sostenido que ya est\u00e1 dando sus frutos. Punitaqui hoy es una de las comunas de la regi\u00f3n de Coquimbo con mayor inversi\u00f3n p\u00fablica a ejecutar. Nunca en la historia de Punitaqui se hab\u00edan conseguido tantos recursos p\u00fablicos para generar mejoras, dignidad y sobre todo progreso. Este aniversario nos permita analizar el avance de la comuna. Hoy Punitaqui es mucho mejor que ayer. Estamos cumpliendo. Logramos instalar a nuestra tierra en el mapa del progreso y de las oportunidades. Falta por avanzar, eso esta claro. Por lo mismo, este desaf\u00edo contin\u00faa y lo debemos construir unidos y junto a la comunidad. Somos muchos los que estamos dispuestos a destinar nuestro esfuerzo y trabajo para construir un futuro esplendoroso que sirva para nuestros hijos, nietos y generaciones futuras. Feliz Aniversario N\u00b0129 de Punitaqui, la tierra de los molinos, a m\u00fasica y la amistad.<\/p>\n","protected":false},"excerpt":{"rendered":"<p>Columna de Opini\u00f3n Alcalde de Punitaqui, Carlos Araya Bugue\u00f1o \u00a0 \u00a0 La comuna de Punitaqui este 22 de diciembre cumple 129 a\u00f1os de vida. Hoy la conmemoraci\u00f3n y celebraci\u00f3n de nuestra tierra tiene que ser distinta. La pandemia nos obliga a reestructurar esta festividad, pero la tecnolog\u00eda es una aliada importante que nos permite para &#8230;<\/p>\n","protected":false},"author":2,"featured_media":5697,"comment_status":"open","ping_status":"open","sticky":false,"template":"","format":"standard","meta":{"footnotes":""},"categories":[5],"tags":[],"class_list":["post-5966","post","type-post","status-publish","format-standard","has-post-thumbnail","hentry","category-actualidad-limarina"],"_links":{"self":[{"href":"https:\/\/www.radiolimari.cl\/index.php?rest_route=\/wp\/v2\/posts\/5966","targetHints":{"allow":["GET"]}}],"collection":[{"href":"https:\/\/www.radiolimari.cl\/index.php?rest_route=\/wp\/v2\/posts"}],"about":[{"href":"https:\/\/www.radiolimari.cl\/index.php?rest_route=\/wp\/v2\/types\/post"}],"author":[{"embeddable":true,"href":"https:\/\/www.radiolimari.cl\/index.php?rest_route=\/wp\/v2\/users\/2"}],"replies":[{"embeddable":true,"href":"https:\/\/www.radiolimari.cl\/index.php?rest_route=%2Fwp%2Fv2%2Fcomments&post=5966"}],"version-history":[{"count":2,"href":"https:\/\/www.radiolimari.cl\/index.php?rest_route=\/wp\/v2\/posts\/5966\/revisions"}],"predecessor-version":[{"id":5968,"href":"https:\/\/www.radiolimari.cl\/index.php?rest_route=\/wp\/v2\/posts\/5966\/revisions\/5968"}],"wp:featuredmedia":[{"embeddable":true,"href":"https:\/\/www.radiolimari.cl\/index.php?rest_route=\/wp\/v2\/media\/5697"}],"wp:attachment":[{"href":"https:\/\/www.radiolimari.cl\/index.php?rest_route=%2Fwp%2Fv2%2Fmedia&parent=5966"}],"wp:term":[{"taxonomy":"category","embeddable":true,"href":"https:\/\/www.radiolimari.cl\/index.php?rest_route=%2Fwp%2Fv2%2Fcategories&post=5966"},{"taxonomy":"post_tag","embeddable":true,"href":"https:\/\/www.radiolimari.cl\/index.php?rest_route=%2Fwp%2Fv2%2Ftags&post=5966"}],"curies":[{"name":"wp","href":"https:\/\/api.w.org\/{rel}","templated":true}]}}