{"id":5961,"date":"2020-10-30T13:48:22","date_gmt":"2020-10-30T13:48:22","guid":{"rendered":"http:\/\/www.radiolimari.cl\/?p=5961"},"modified":"2021-10-04T13:53:15","modified_gmt":"2021-10-04T13:53:15","slug":"columna-de-opinion-la-descentralizacion-en-la-nueva-constitucion-una-anhelo-para-punitaqui","status":"publish","type":"post","link":"https:\/\/www.radiolimari.cl\/?p=5961","title":{"rendered":"Columna de Opini\u00f3n: La descentralizaci\u00f3n en la  nueva Constituci\u00f3n:  una anhelo para Punitaqui"},"content":{"rendered":"<p>Columna alcalde de Punitaqui<\/p>\n<p>Carlos Araya Bugue\u00f1o<\/p>\n<p>&nbsp;<\/p>\n<div dir=\"auto\" style=\"color: #222222;\">La descentralizacion es la piedra angular del problema que sufrimos las comunas rurales.<\/div>\n<div dir=\"auto\" style=\"color: #222222;\">Sin duda somos un pa\u00eds centralizado y desde la pol\u00edtica p\u00fablica aquello es perjudicial para el desarrollo de las comunas y su gente<\/div>\n<div dir=\"auto\" style=\"color: #222222;\"><\/div>\n<div dir=\"auto\" style=\"color: #222222;\">Como alcalde para gestionar nuevos recursos o la soluci\u00f3n de alguna problem\u00e1tica tengo que resolverlo en la Serena o bien en Santiago. Sin duda es una mala se\u00f1al. Las soluciones a los problemas y las gestiones de desarrollo se deben conseguir en la regi\u00f3n y no en Santiago<\/div>\n<div dir=\"auto\" style=\"color: #222222;\"><\/div>\n<div dir=\"auto\" style=\"color: #222222;\">Espero que esta nueva constituci\u00f3n ayude a la descentralizacion pol\u00edtica y administrativa de nuestro Estado para que aporte al desarrollo sostenido de las regiones y comunas m\u00e1s peque\u00f1as<\/div>\n<div dir=\"auto\" style=\"color: #222222;\"><\/div>\n<div dir=\"auto\" style=\"color: #222222;\">Necesitamos con urgencia que Chile avance en esta materia. El paso de los Gobernadores Regionales es lo primero, pero ser\u00e1 fundamental que los encargados y encargadas de generar la nueva Constituci\u00f3n tengan claro que Chile debe terminar con le centralismo<\/div>\n<div dir=\"auto\" style=\"color: #222222;\"><\/div>\n<div dir=\"auto\" style=\"color: #222222;\">Esperamos que la descentralizaci\u00f3n sea un eje fundamental de la anhelada y ansiada constituci\u00f3n. La regi\u00f3n de Coquimbo, Limar\u00ed y sobre todo Punitaqui lo necesitan. Terminar con el centralismo ser\u00e1 sin\u00f3nimo de m\u00e1s democracia y por ende avance en progreso y dignidad<\/div>\n","protected":false},"excerpt":{"rendered":"<p>Columna alcalde de Punitaqui Carlos Araya Bugue\u00f1o &nbsp; La descentralizacion es la piedra angular del problema que sufrimos las comunas rurales. Sin duda somos un pa\u00eds centralizado y desde la pol\u00edtica p\u00fablica aquello es perjudicial para el desarrollo de las comunas y su gente Como alcalde para gestionar nuevos recursos o la soluci\u00f3n de alguna &#8230;<\/p>\n","protected":false},"author":2,"featured_media":5697,"comment_status":"open","ping_status":"open","sticky":false,"template":"","format":"standard","meta":{"footnotes":""},"categories":[5],"tags":[],"class_list":["post-5961","post","type-post","status-publish","format-standard","has-post-thumbnail","hentry","category-actualidad-limarina"],"_links":{"self":[{"href":"https:\/\/www.radiolimari.cl\/index.php?rest_route=\/wp\/v2\/posts\/5961","targetHints":{"allow":["GET"]}}],"collection":[{"href":"https:\/\/www.radiolimari.cl\/index.php?rest_route=\/wp\/v2\/posts"}],"about":[{"href":"https:\/\/www.radiolimari.cl\/index.php?rest_route=\/wp\/v2\/types\/post"}],"author":[{"embeddable":true,"href":"https:\/\/www.radiolimari.cl\/index.php?rest_route=\/wp\/v2\/users\/2"}],"replies":[{"embeddable":true,"href":"https:\/\/www.radiolimari.cl\/index.php?rest_route=%2Fwp%2Fv2%2Fcomments&post=5961"}],"version-history":[{"count":1,"href":"https:\/\/www.radiolimari.cl\/index.php?rest_route=\/wp\/v2\/posts\/5961\/revisions"}],"predecessor-version":[{"id":5962,"href":"https:\/\/www.radiolimari.cl\/index.php?rest_route=\/wp\/v2\/posts\/5961\/revisions\/5962"}],"wp:featuredmedia":[{"embeddable":true,"href":"https:\/\/www.radiolimari.cl\/index.php?rest_route=\/wp\/v2\/media\/5697"}],"wp:attachment":[{"href":"https:\/\/www.radiolimari.cl\/index.php?rest_route=%2Fwp%2Fv2%2Fmedia&parent=5961"}],"wp:term":[{"taxonomy":"category","embeddable":true,"href":"https:\/\/www.radiolimari.cl\/index.php?rest_route=%2Fwp%2Fv2%2Fcategories&post=5961"},{"taxonomy":"post_tag","embeddable":true,"href":"https:\/\/www.radiolimari.cl\/index.php?rest_route=%2Fwp%2Fv2%2Ftags&post=5961"}],"curies":[{"name":"wp","href":"https:\/\/api.w.org\/{rel}","templated":true}]}}