{"id":5943,"date":"2021-10-02T01:01:04","date_gmt":"2021-10-02T01:01:04","guid":{"rendered":"http:\/\/www.radiolimari.cl\/?p=5943"},"modified":"2021-10-02T01:01:43","modified_gmt":"2021-10-02T01:01:43","slug":"tribunal-oral-en-lo-penal-de-ovalle-condena-a-presidio-perpetuo-15-anos-de-presidio-y-10-anos-de-internacion-a-autores-de-homicidios-en-villa-los-naranjos","status":"publish","type":"post","link":"https:\/\/www.radiolimari.cl\/?p=5943","title":{"rendered":"Tribunal Oral en lo Penal de Ovalle condena a presidio perpetuo, 15 a\u00f1os de presidio y 10 a\u00f1os de internaci\u00f3n a autores de homicidios en Villa Los Naranjos"},"content":{"rendered":"<p><a href=\"https:\/\/www.radiolimari.cl\/wp-content\/uploads\/2021\/10\/1.10-top-ovalle1.jpg\"><img fetchpriority=\"high\" decoding=\"async\" class=\"alignnone size-medium wp-image-5944\" src=\"https:\/\/www.radiolimari.cl\/wp-content\/uploads\/2021\/10\/1.10-top-ovalle1-300x225.jpg\" alt=\"1.10 top ovalle1\" width=\"300\" height=\"225\" srcset=\"https:\/\/www.radiolimari.cl\/wp-content\/uploads\/2021\/10\/1.10-top-ovalle1-300x225.jpg 300w, https:\/\/www.radiolimari.cl\/wp-content\/uploads\/2021\/10\/1.10-top-ovalle1-1024x768.jpg 1024w, https:\/\/www.radiolimari.cl\/wp-content\/uploads\/2021\/10\/1.10-top-ovalle1.jpg 1280w\" sizes=\"(max-width: 300px) 100vw, 300px\" \/><\/a><\/p>\n<p>El Tribunal de Juicio Oral en lo Penal de Ovalle conden\u00f3 este viernes 1 de octubre\u00a0 a dos penas efectivas de presidio perpetuo simple a F.J.A.S. y F.A.S.M., en calidad de autores de dos delitos consumados de homicidio calificado (alevos\u00eda). Il\u00edcitos perpetrados en febrero del a\u00f1o pasado, en la comuna.<!--more--><\/p>\n<p>En fallo un\u00e1nime, el tribunal \u2013integrado por los magistrados Claudia Molina Contador (presidenta), Claudio Weishaupt Milner (redactor) y Karina Hern\u00e1ndez Mu\u00f1oz\u2013 aplic\u00f3, adem\u00e1s, a F.J.A.S. y F.A.S.M. las accesorias legales de inhabilitaci\u00f3n absoluta perpetua para cargos y oficios p\u00fablicos y derechos pol\u00edticos y la sujeci\u00f3n de vigilancia de la autoridad por el m\u00e1ximo de 5 a\u00f1os que establece el C\u00f3digo Penal.<\/p>\n<p>En tanto, los acusados C.A.P.V. y L.A.G.P. deber\u00e1n cumplir sendas penas de 15 a\u00f1os de presidio, m\u00e1s accesorias legales, por sus responsabilidades, en calidad de autores, en los delitos.<\/p>\n<p>Finalmente, el adolescente E.B.M.M. fue sanci\u00f3n al m\u00e1ximo legal de 10 a\u00f1os de internaci\u00f3n en r\u00e9gimen cerrado con programa de reinserci\u00f3n social.<\/p>\n<p>En el caso de F.J.A.S., tambi\u00e9n deber\u00e1 cumplir 540 d\u00edas de reclusi\u00f3n por el delito consumado de da\u00f1os.<\/p>\n<p>El tribunal dio por acreditado, m\u00e1s all\u00e1 de toda duda razonable que alrededor de las 11:55 horas del 3 de febrero de 2020, \u201cen el pasaje Gustavo Olivares, comuna de Ovalle, F.J.A.S. y F.A.S.M., quien se movilizaba a bordo de una bicicleta y provisto de un arma de fuego calibre 9 mil\u00edmetros, procedi\u00f3 a efectuar m\u00faltiples disparos en contra del veh\u00edculo tipo camioneta marca Chevrolet, modelo D-Max, P.P.U. BFCB-63, de propiedad de la v\u00edctima(\u2026), ocasion\u00e1ndole da\u00f1os en la parte posterior, frontal, laterales y en los focos y parabrisas delantero y trasero por impactos bal\u00edsticos, da\u00f1os avaluados en la suma de $2.000.000\u201d.<\/p>\n<p>En tanto, aproximadamente a las 22:45 horas del 21 de febrero de 2020, \u201cen circunstancias que las v\u00edctimas (\u2026), de 15 a\u00f1os de edad, y (\u2026) , de 16 a\u00f1os de edad, se trasladaban por diversas calles de la comuna de Ovalle, en el veh\u00edculo tipo camioneta marca Mitsubishi, modelo L200, color negro, P.P.U. GTRB-79, arribando a la calle Los Olmos frente a una plazoleta ubicada en el lugar casi en la intersecci\u00f3n con Los Casta\u00f1os, sector denominado El Crucero del Amor, villa Los Naranjos, comuna de Ovalle, donde se estacionaron y detuvieron y estando sentados respectivamente en los asientos del conductor y copiloto, de forma previamente concertada, con\u00a0 premeditaci\u00f3n y provistos de armas de fuego para efectos de efectuarles una emboscada y asesinarlos, fueron seguidos en el trayecto previo por 3 veh\u00edculos: un veh\u00edculo tipo autom\u00f3vil marca BMW, en que se movilizaba el imputado C.A.P.V. conjuntamente con el testigo (\u2026), un veh\u00edculo tipo autom\u00f3vil en que se movilizaba el imputado L.A.G.P., y un \u00faltimo veh\u00edculo tipo autom\u00f3vil marca Hyundai modelo Veloster de color blanco en que se movilizaban los imputados F.J.A.S., (conductor), y F.A.S.M., (copiloto) y E.B.M.M., (asientos traseros), posicion\u00e1ndose y deteni\u00e9ndose los veh\u00edculos referidos, situ\u00e1ndose detr\u00e1s de la camioneta de las v\u00edctimas el Hyundai Veloster mencionado, descendiendo los imputados F.J.A.S. y F.A.S.M. y posicion\u00e1ndose por los costados de la citada camioneta, procediendo a efectuar ambos m\u00faltiples disparos en contra de las v\u00edctimas con sus respectivas armas de fuego, calibre 9 mil\u00edmetros, todo ello mientras los imputados C.A.P.V., L.A.G.P. y E.B.M.M. les prestaban cobertura y protecci\u00f3n desde los veh\u00edculos en que se movilizaban para llevar a cabo su acci\u00f3n homicida, para, una vez terminado su cometido\u201d, abordar el veh\u00edculo en que se movilizaban, d\u00e1ndose a la fuga del lugar.<\/p>\n<p>Las v\u00edctimas fueron trasladadas por testigos de los hechos al Hospital de Ovalle, centro asistencial en que fallecieron debido a las m\u00faltiples heridas por impactos de bala.<\/p>\n","protected":false},"excerpt":{"rendered":"<p>El Tribunal de Juicio Oral en lo Penal de Ovalle conden\u00f3 este viernes 1 de octubre\u00a0 a dos penas efectivas de presidio perpetuo simple a F.J.A.S. y F.A.S.M., en calidad de autores de dos delitos consumados de homicidio calificado (alevos\u00eda). Il\u00edcitos perpetrados en febrero del a\u00f1o pasado, en la comuna.<\/p>\n","protected":false},"author":2,"featured_media":5944,"comment_status":"open","ping_status":"open","sticky":false,"template":"","format":"standard","meta":{"footnotes":""},"categories":[3],"tags":[],"class_list":["post-5943","post","type-post","status-publish","format-standard","has-post-thumbnail","hentry","category-actualidad"],"_links":{"self":[{"href":"https:\/\/www.radiolimari.cl\/index.php?rest_route=\/wp\/v2\/posts\/5943","targetHints":{"allow":["GET"]}}],"collection":[{"href":"https:\/\/www.radiolimari.cl\/index.php?rest_route=\/wp\/v2\/posts"}],"about":[{"href":"https:\/\/www.radiolimari.cl\/index.php?rest_route=\/wp\/v2\/types\/post"}],"author":[{"embeddable":true,"href":"https:\/\/www.radiolimari.cl\/index.php?rest_route=\/wp\/v2\/users\/2"}],"replies":[{"embeddable":true,"href":"https:\/\/www.radiolimari.cl\/index.php?rest_route=%2Fwp%2Fv2%2Fcomments&post=5943"}],"version-history":[{"count":2,"href":"https:\/\/www.radiolimari.cl\/index.php?rest_route=\/wp\/v2\/posts\/5943\/revisions"}],"predecessor-version":[{"id":5946,"href":"https:\/\/www.radiolimari.cl\/index.php?rest_route=\/wp\/v2\/posts\/5943\/revisions\/5946"}],"wp:featuredmedia":[{"embeddable":true,"href":"https:\/\/www.radiolimari.cl\/index.php?rest_route=\/wp\/v2\/media\/5944"}],"wp:attachment":[{"href":"https:\/\/www.radiolimari.cl\/index.php?rest_route=%2Fwp%2Fv2%2Fmedia&parent=5943"}],"wp:term":[{"taxonomy":"category","embeddable":true,"href":"https:\/\/www.radiolimari.cl\/index.php?rest_route=%2Fwp%2Fv2%2Fcategories&post=5943"},{"taxonomy":"post_tag","embeddable":true,"href":"https:\/\/www.radiolimari.cl\/index.php?rest_route=%2Fwp%2Fv2%2Ftags&post=5943"}],"curies":[{"name":"wp","href":"https:\/\/api.w.org\/{rel}","templated":true}]}}