{"id":5939,"date":"2021-10-01T12:53:50","date_gmt":"2021-10-01T12:53:50","guid":{"rendered":"http:\/\/www.radiolimari.cl\/?p=5939"},"modified":"2021-10-01T12:53:50","modified_gmt":"2021-10-01T12:53:50","slug":"el-escritor-ovallino-benjamin-arcaya-malebran-presento-su-libro-ni-por-todo-el-oro-del-mundo","status":"publish","type":"post","link":"https:\/\/www.radiolimari.cl\/?p=5939","title":{"rendered":"El escritor ovallino Benjam\u00edn Arcaya Malebr\u00e1n, present\u00f3 su libro \u00abNi por todo el oro del mundo\u00bb"},"content":{"rendered":"<p><a href=\"https:\/\/www.radiolimari.cl\/wp-content\/uploads\/2021\/10\/1.10-tmo.jpg\"><img fetchpriority=\"high\" decoding=\"async\" class=\"alignnone size-medium wp-image-5940\" src=\"https:\/\/www.radiolimari.cl\/wp-content\/uploads\/2021\/10\/1.10-tmo-300x200.jpg\" alt=\"1.10 tmo\" width=\"300\" height=\"200\" srcset=\"https:\/\/www.radiolimari.cl\/wp-content\/uploads\/2021\/10\/1.10-tmo-300x200.jpg 300w, https:\/\/www.radiolimari.cl\/wp-content\/uploads\/2021\/10\/1.10-tmo-1024x682.jpg 1024w\" sizes=\"(max-width: 300px) 100vw, 300px\" \/><\/a><\/p>\n<p><strong>Este es el primer libro editado y p\u00fablicado por el escritor ovallino, en sus 92 a\u00f1os de vida. <\/strong><strong>En la oportunidad, el escritor Mario Banic fue el encargado de presentar este trabajo literario<\/strong><!--more--><\/p>\n<p>Sin duda el escritor ovallino, Benjam\u00edn Arcaya Malebr\u00e1n, honra la literatura local \u00a0a trav\u00e9s de cada uno de sus trabajos. Sin embargo parte su obra\u00a0 permanece in\u00e9dita.Es por ello que la Ilustre Municipalidad de Ovalle, a trav\u00e9s de su Corporaci\u00f3n Cultural lleva a cabo la edici\u00f3n y publicaci\u00f3n de del libro Ni todo el Oro del Mundo, que se present\u00f3 ayer en el TMO; una obra compuesta por una \u00a0 serie\u00a0 de\u00a0 cuentos\u00a0 y relatos, de este longevo, prol\u00edfico y\u00a0 galardonado, escritor, cronista, cuentista, dibujante.<\/p>\n<p>&nbsp;<\/p>\n<p>Al respecto el director ejecutivo de la Corporaci\u00f3n Cultural Municipal de Ovalle, Ifman Huerta Saavedra, se\u00f1al\u00f3 que\u00a0\u201cHoy presentamos un nuevo libro, editado por la Corporaci\u00f3n Cultural Municipal de Ovalle, lo cual sin duda es de gran valor para el desarrollo y apoyo de la creaci\u00f3n local. Sin embargo la importancia de este libro recae en su autor: Benjam\u00edn Arcaya Malebr\u00e1n, un ovallino que a lo largo de su vida ha demostrado su amor y pasi\u00f3n por las letras y ha sido merecedor de m\u00faltiples reconocimientos tanto a nivel local como regional\u201d.<\/p>\n<p>As\u00ed mismo destac\u00f3 que \u201csi bien muchos de sus cuentos y temas fueron publicados en el Diario El OIvallino y parte de ellos se encuentran en el Archivo de nuestra Biblioteca P\u00fablica, gran parte de las obras de este <strong>Hijo Ilustre De Ovalle <\/strong>se encuentra in\u00e9dita, lo que nos motiv\u00f3 a realizar esta publicaci\u00f3n de <strong><em>Ni por todo el oro del mundo, <\/em><\/strong>a fin de poner en valor el\u00a0 trabajo de este premiado y reconocido escritor de nuestra comuna, quien a sus noventa a\u00f1os contin\u00faa creando en su m\u00e1quina de escribir, dej\u00e1ndonos\u00a0 este legado literario que perdurar\u00e1 en el tiempo; en este, su\u00a0 primer libro, en el que quedar\u00e1 plasmado su talento y amor por la literatura\u201d.<\/p>\n<p>&nbsp;<\/p>\n<p>En la oportunidad, el escritor Mario Banic fue el encargado de presentar este trabajo de\u00a0Benjam\u00edn Arcaya, en el que\u00a0 \u00a0nos deleita con su prosa sencilla, casi\u00a0 ingenua en una serie\u00a0 de relatos de ficci\u00f3n que nos remontan a lugares\u00a0 cercanos y a otros ex\u00f3ticos y salvajes y a personajes de la tradici\u00f3n popular como Pedro Urdemales y a otros\u00a0 surgidos de su imaginaci\u00f3n.<\/p>\n<p>&nbsp;<\/p>\n<p>Cabe destacar que el estar\u00e1 disponible en diversas bibliotecas de la Regi\u00f3n de Coquimbo, as\u00ed como en diferentes establecimientos educacionales de la comuna.<\/p>\n<p>&nbsp;<\/p>\n<p>&nbsp;<\/p>\n","protected":false},"excerpt":{"rendered":"<p>Este es el primer libro editado y p\u00fablicado por el escritor ovallino, en sus 92 a\u00f1os de vida. En la oportunidad, el escritor Mario Banic fue el encargado de presentar este trabajo literario<\/p>\n","protected":false},"author":2,"featured_media":5940,"comment_status":"open","ping_status":"open","sticky":false,"template":"","format":"standard","meta":{"footnotes":""},"categories":[5],"tags":[],"class_list":["post-5939","post","type-post","status-publish","format-standard","has-post-thumbnail","hentry","category-actualidad-limarina"],"_links":{"self":[{"href":"https:\/\/www.radiolimari.cl\/index.php?rest_route=\/wp\/v2\/posts\/5939","targetHints":{"allow":["GET"]}}],"collection":[{"href":"https:\/\/www.radiolimari.cl\/index.php?rest_route=\/wp\/v2\/posts"}],"about":[{"href":"https:\/\/www.radiolimari.cl\/index.php?rest_route=\/wp\/v2\/types\/post"}],"author":[{"embeddable":true,"href":"https:\/\/www.radiolimari.cl\/index.php?rest_route=\/wp\/v2\/users\/2"}],"replies":[{"embeddable":true,"href":"https:\/\/www.radiolimari.cl\/index.php?rest_route=%2Fwp%2Fv2%2Fcomments&post=5939"}],"version-history":[{"count":1,"href":"https:\/\/www.radiolimari.cl\/index.php?rest_route=\/wp\/v2\/posts\/5939\/revisions"}],"predecessor-version":[{"id":5941,"href":"https:\/\/www.radiolimari.cl\/index.php?rest_route=\/wp\/v2\/posts\/5939\/revisions\/5941"}],"wp:featuredmedia":[{"embeddable":true,"href":"https:\/\/www.radiolimari.cl\/index.php?rest_route=\/wp\/v2\/media\/5940"}],"wp:attachment":[{"href":"https:\/\/www.radiolimari.cl\/index.php?rest_route=%2Fwp%2Fv2%2Fmedia&parent=5939"}],"wp:term":[{"taxonomy":"category","embeddable":true,"href":"https:\/\/www.radiolimari.cl\/index.php?rest_route=%2Fwp%2Fv2%2Fcategories&post=5939"},{"taxonomy":"post_tag","embeddable":true,"href":"https:\/\/www.radiolimari.cl\/index.php?rest_route=%2Fwp%2Fv2%2Ftags&post=5939"}],"curies":[{"name":"wp","href":"https:\/\/api.w.org\/{rel}","templated":true}]}}