{"id":5898,"date":"2021-09-28T14:39:19","date_gmt":"2021-09-28T14:39:19","guid":{"rendered":"http:\/\/www.radiolimari.cl\/?p=5898"},"modified":"2021-09-28T14:39:19","modified_gmt":"2021-09-28T14:39:19","slug":"monte-patria-rio-hurtado-y-combarbala-se-unen-en-alianza-cultural","status":"publish","type":"post","link":"https:\/\/www.radiolimari.cl\/?p=5898","title":{"rendered":"Monte Patria, R\u00edo Hurtado y Combarbal\u00e1 se unen en alianza cultural."},"content":{"rendered":"<p><a href=\"https:\/\/www.radiolimari.cl\/wp-content\/uploads\/2021\/09\/28.9-Rio-hurtado-en-monte1.jpg\"><img fetchpriority=\"high\" decoding=\"async\" class=\"alignnone size-medium wp-image-5900\" src=\"https:\/\/www.radiolimari.cl\/wp-content\/uploads\/2021\/09\/28.9-Rio-hurtado-en-monte1-300x199.jpg\" alt=\"28.9 Rio hurtado en monte1\" width=\"300\" height=\"199\" srcset=\"https:\/\/www.radiolimari.cl\/wp-content\/uploads\/2021\/09\/28.9-Rio-hurtado-en-monte1-300x199.jpg 300w, https:\/\/www.radiolimari.cl\/wp-content\/uploads\/2021\/09\/28.9-Rio-hurtado-en-monte1-1024x682.jpg 1024w, https:\/\/www.radiolimari.cl\/wp-content\/uploads\/2021\/09\/28.9-Rio-hurtado-en-monte1.jpg 2048w\" sizes=\"(max-width: 300px) 100vw, 300px\" \/><\/a><\/p>\n<p>Lo que responde al compromiso de establecer una integraci\u00f3n\u00a0 entre las comunas\u00a0 y a fomentar el trabajo colaborativo cultural entre los artistas y artesanos locales.<!--more--><\/p>\n<p>La Municipalidad de Monte Patria, a trav\u00e9s del Departamento de Cultura y Turismo, invit\u00f3 a los municipios de Combarbal\u00e1 y R\u00edo Hurtado a participar el fin de semana pasado de los encuentros tradicionales por el mes de aniversario comunal. Lo que responde al compromiso de establecer una integraci\u00f3n con las comunas vecinas y a fomentar el trabajo colaborativo cultural entre los artistas y artesanos locales.<\/p>\n<p>Durante el s\u00e1bado y domingo se llevaron a cabo las dos \u201cTardes Culturales Familiares\u201d en el Centro Cultural Huayquilonko de Monte Patria, donde el primer d\u00eda estuvieron distintos emprendedores de Combarbal\u00e1 y los grupos folcl\u00f3ricos: \u201cSentimiento Combarbalino\u201d; \u201cLos Hermanos Castro\u201d y \u201cLa Cachucha\u201d. En la oportunidad, Yerko G\u00f3mez, encargado de la Oficina de Cultura y Turismo de la Municipalidad de Combarbal\u00e1 expres\u00f3: \u201cEstamos muy contentos de estar con esta asociatividad con Monte Patria porque tanto nosotros como ustedes nos podemos nutrir de lo que tienen nuestros territorios\u201d.<\/p>\n<p>Una de las artesanas presentes fue Andrea Viera con su emprendimiento \u201cAccesorios Adamari\u201d, quien explic\u00f3 que trabaja en bisuter\u00eda con piedras naturales como la combarbalita y coment\u00f3 que \u201chay que aprovechar estas instancias para juntarse con otros artesanos y hacer redes porque eso es lo que ayuda, salir y que ellos vayan a nuestro pueblo. Eso es lo bonito, hacer buenas redes porque entre m\u00e1s unidos estamos, es mejor\u201d, indic\u00f3.<\/p>\n<p>En la segunda jornada del domingo estuvieron compartiendo emprendedores de R\u00edo Hurtado y el cantor popular \u201cEl Pulento\u201d.<\/p>\n<p>\u201cVenimos con 6 emprendedores representando a R\u00edo Hurtado con los m\u00e1s caracter\u00edstico de nuestra comuna que son las artesan\u00edas diaguitas y trabajo en telar. Y a acompa\u00f1arlos a ustedes tambi\u00e9n de la comuna de Monte Patria para que puedan intercambiar experiencias y conocerse y hacer un trabajo de colaboraci\u00f3n y de asociatividad con Monte Patria de aqu\u00ed en adelante\u201d, sostuvo Pilar Rodr\u00edguez, encargada de la Unidad de Cultura del Municipio de R\u00edo Hurtado.<\/p>\n<p>Por su parte, el alcalde de Monte Patria, Cristian Herrera, destac\u00f3 \u201ces un compromiso que hemos ido estableciendo con nuestros municipios vecinos porque eso es lo que creemos que es la integraci\u00f3n. Nuestros emprendedores tambi\u00e9n van a visitar estas comunas, queremos hacer algo con los adultos mayores tambi\u00e9n y finalmente es abrirnos como municipalidad y comuna, y generar interacci\u00f3n con nuestros vecinos\u201d.<\/p>\n<p>&nbsp;<\/p>\n","protected":false},"excerpt":{"rendered":"<p>Lo que responde al compromiso de establecer una integraci\u00f3n\u00a0 entre las comunas\u00a0 y a fomentar el trabajo colaborativo cultural entre los artistas y artesanos locales.<\/p>\n","protected":false},"author":2,"featured_media":5900,"comment_status":"open","ping_status":"open","sticky":false,"template":"","format":"standard","meta":{"footnotes":""},"categories":[5],"tags":[],"class_list":["post-5898","post","type-post","status-publish","format-standard","has-post-thumbnail","hentry","category-actualidad-limarina"],"_links":{"self":[{"href":"https:\/\/www.radiolimari.cl\/index.php?rest_route=\/wp\/v2\/posts\/5898","targetHints":{"allow":["GET"]}}],"collection":[{"href":"https:\/\/www.radiolimari.cl\/index.php?rest_route=\/wp\/v2\/posts"}],"about":[{"href":"https:\/\/www.radiolimari.cl\/index.php?rest_route=\/wp\/v2\/types\/post"}],"author":[{"embeddable":true,"href":"https:\/\/www.radiolimari.cl\/index.php?rest_route=\/wp\/v2\/users\/2"}],"replies":[{"embeddable":true,"href":"https:\/\/www.radiolimari.cl\/index.php?rest_route=%2Fwp%2Fv2%2Fcomments&post=5898"}],"version-history":[{"count":2,"href":"https:\/\/www.radiolimari.cl\/index.php?rest_route=\/wp\/v2\/posts\/5898\/revisions"}],"predecessor-version":[{"id":5901,"href":"https:\/\/www.radiolimari.cl\/index.php?rest_route=\/wp\/v2\/posts\/5898\/revisions\/5901"}],"wp:featuredmedia":[{"embeddable":true,"href":"https:\/\/www.radiolimari.cl\/index.php?rest_route=\/wp\/v2\/media\/5900"}],"wp:attachment":[{"href":"https:\/\/www.radiolimari.cl\/index.php?rest_route=%2Fwp%2Fv2%2Fmedia&parent=5898"}],"wp:term":[{"taxonomy":"category","embeddable":true,"href":"https:\/\/www.radiolimari.cl\/index.php?rest_route=%2Fwp%2Fv2%2Fcategories&post=5898"},{"taxonomy":"post_tag","embeddable":true,"href":"https:\/\/www.radiolimari.cl\/index.php?rest_route=%2Fwp%2Fv2%2Ftags&post=5898"}],"curies":[{"name":"wp","href":"https:\/\/api.w.org\/{rel}","templated":true}]}}