{"id":5895,"date":"2021-09-28T12:01:40","date_gmt":"2021-09-28T12:01:40","guid":{"rendered":"http:\/\/www.radiolimari.cl\/?p=5895"},"modified":"2021-09-28T12:01:40","modified_gmt":"2021-09-28T12:01:40","slug":"hoy-martes-y-este-miercoles-altas-temperaturas-se-presentarian-en-los-valles-y-precordillera-de-la-region-de-coquimbo","status":"publish","type":"post","link":"https:\/\/www.radiolimari.cl\/?p=5895","title":{"rendered":"Hoy Martes  y este mi\u00e9rcoles: Altas temperaturas se presentar\u00edan en los valles y precordillera de la Regi\u00f3n de Coquimbo"},"content":{"rendered":"<p><a href=\"https:\/\/www.radiolimari.cl\/wp-content\/uploads\/2021\/09\/1576699.jpg\"><img fetchpriority=\"high\" decoding=\"async\" class=\"alignnone size-medium wp-image-5896\" src=\"https:\/\/www.radiolimari.cl\/wp-content\/uploads\/2021\/09\/1576699-300x225.jpg\" alt=\"M4034S-4211\" width=\"300\" height=\"225\" srcset=\"https:\/\/www.radiolimari.cl\/wp-content\/uploads\/2021\/09\/1576699-300x225.jpg 300w, https:\/\/www.radiolimari.cl\/wp-content\/uploads\/2021\/09\/1576699-1024x768.jpg 1024w, https:\/\/www.radiolimari.cl\/wp-content\/uploads\/2021\/09\/1576699.jpg 2048w\" sizes=\"(max-width: 300px) 100vw, 300px\" \/><\/a><\/p>\n<p><span style=\"font-weight: 600; color: #000000;\">\u201cEl evento tiene su origen en el establecimiento de alta presi\u00f3n en el continente. Se recomienda tomar las precauciones pertinentes\u201d<\/span><!--more--><\/p>\n<p style=\"font-weight: 600; color: #000000;\">Seg\u00fan la informaci\u00f3n entregada por el \u00e1rea meteorol\u00f3gica del CEAZA, este martes 28 y el mi\u00e9rcoles 29 de septiembre la alta temperatura podr\u00eda afectar a los valles y precordillera de la zona.<\/p>\n<p style=\"font-weight: 600; color: #000000;\">En particular, el informe se\u00f1ala que el term\u00f3metro podr\u00eda llegar hasta los 35\u00b0C en los valles de las provincias de Elqui, Limar\u00ed y Choapa.<span id=\"more-13220\"><\/span><\/p>\n<p style=\"font-weight: 600; color: #000000;\">\u201cEl evento tiene su origen en el establecimiento de alta presi\u00f3n en el continente. Se recomienda tomar las precauciones pertinentes\u201d, se\u00f1ala el reporte.<\/p>\n<p style=\"font-weight: 600; color: #000000;\">Seg\u00fan el pron\u00f3stico diario del CEAZAMet, las temperaturas m\u00e1s altas se podr\u00edan registrar el martes en Paihuano (34\u00baC), Pisco Elqui (34\u00baC), Monte Patria (35\u00baC), El Palqui (35\u00baC), Chillep\u00edn (33\u00baC), Cuncumen (34\u00baC)<\/p>\n<h5 style=\"font-weight: normal; color: #373f50;\">M\u00e1s detalles por localidad se pueden obtener en\u00a0<a style=\"font-weight: normal; color: #373f50;\" href=\"http:\/\/www.ceazamet.cl\/pronostico\">www.ceazamet.cl\/pronostico<\/a><\/h5>\n","protected":false},"excerpt":{"rendered":"<p>\u201cEl evento tiene su origen en el establecimiento de alta presi\u00f3n en el continente. Se recomienda tomar las precauciones pertinentes\u201d<\/p>\n","protected":false},"author":2,"featured_media":5896,"comment_status":"open","ping_status":"open","sticky":false,"template":"","format":"standard","meta":{"footnotes":""},"categories":[3],"tags":[],"class_list":["post-5895","post","type-post","status-publish","format-standard","has-post-thumbnail","hentry","category-actualidad"],"_links":{"self":[{"href":"https:\/\/www.radiolimari.cl\/index.php?rest_route=\/wp\/v2\/posts\/5895","targetHints":{"allow":["GET"]}}],"collection":[{"href":"https:\/\/www.radiolimari.cl\/index.php?rest_route=\/wp\/v2\/posts"}],"about":[{"href":"https:\/\/www.radiolimari.cl\/index.php?rest_route=\/wp\/v2\/types\/post"}],"author":[{"embeddable":true,"href":"https:\/\/www.radiolimari.cl\/index.php?rest_route=\/wp\/v2\/users\/2"}],"replies":[{"embeddable":true,"href":"https:\/\/www.radiolimari.cl\/index.php?rest_route=%2Fwp%2Fv2%2Fcomments&post=5895"}],"version-history":[{"count":1,"href":"https:\/\/www.radiolimari.cl\/index.php?rest_route=\/wp\/v2\/posts\/5895\/revisions"}],"predecessor-version":[{"id":5897,"href":"https:\/\/www.radiolimari.cl\/index.php?rest_route=\/wp\/v2\/posts\/5895\/revisions\/5897"}],"wp:featuredmedia":[{"embeddable":true,"href":"https:\/\/www.radiolimari.cl\/index.php?rest_route=\/wp\/v2\/media\/5896"}],"wp:attachment":[{"href":"https:\/\/www.radiolimari.cl\/index.php?rest_route=%2Fwp%2Fv2%2Fmedia&parent=5895"}],"wp:term":[{"taxonomy":"category","embeddable":true,"href":"https:\/\/www.radiolimari.cl\/index.php?rest_route=%2Fwp%2Fv2%2Fcategories&post=5895"},{"taxonomy":"post_tag","embeddable":true,"href":"https:\/\/www.radiolimari.cl\/index.php?rest_route=%2Fwp%2Fv2%2Ftags&post=5895"}],"curies":[{"name":"wp","href":"https:\/\/api.w.org\/{rel}","templated":true}]}}