{"id":5892,"date":"2021-09-27T19:37:50","date_gmt":"2021-09-27T19:37:50","guid":{"rendered":"http:\/\/www.radiolimari.cl\/?p=5892"},"modified":"2021-09-27T19:37:50","modified_gmt":"2021-09-27T19:37:50","slug":"alerta-por-alza-de-casos-y-circulacion-comunitaria-de-variante-delta-en-la-region-de-coquimbo","status":"publish","type":"post","link":"https:\/\/www.radiolimari.cl\/?p=5892","title":{"rendered":"Alerta por alza de casos y circulaci\u00f3n comunitaria de variante Delta en la regi\u00f3n de Coquimbo"},"content":{"rendered":"<p><a href=\"https:\/\/www.radiolimari.cl\/wp-content\/uploads\/2021\/09\/27.9-delta.jpg\"><img fetchpriority=\"high\" decoding=\"async\" class=\"alignnone size-medium wp-image-5893\" src=\"https:\/\/www.radiolimari.cl\/wp-content\/uploads\/2021\/09\/27.9-delta-300x168.jpg\" alt=\"27.9 delta\" width=\"300\" height=\"168\" srcset=\"https:\/\/www.radiolimari.cl\/wp-content\/uploads\/2021\/09\/27.9-delta-300x168.jpg 300w, https:\/\/www.radiolimari.cl\/wp-content\/uploads\/2021\/09\/27.9-delta-1024x576.jpg 1024w, https:\/\/www.radiolimari.cl\/wp-content\/uploads\/2021\/09\/27.9-delta.jpg 1032w\" sizes=\"(max-width: 300px) 100vw, 300px\" \/><\/a><\/p>\n<p><strong>Seremi de Salud ha reforzado la vigilancia epidemiol\u00f3gica con la secuenciaci\u00f3n de 248 muestras regionales. <\/strong><!--more--><\/p>\n<p>La aparici\u00f3n de nuevas variantes del virus Sars-Cov2 (Coronavirus) y la circulaci\u00f3n comunitaria de otros linajes tiene en alerta a las autoridades nacionales.<\/p>\n<p>Es por esto, que la Seremi de Salud de Coquimbo ha reforzado su programa de vigilancia con un total de 248 muestras que fueron enviadas para secuenciaci\u00f3n y genotipificaci\u00f3n desde diciembre del a\u00f1o pasado.<\/p>\n<p>\u201cHemos constatado en la vigilancia gen\u00f3mica, esto es la b\u00fasqueda gen\u00e9tica viral en muestras de casos confirmados con PCR positiva, que en la regi\u00f3n circulan las variantes Delta, Gamma, Lambda y Mu\u201d, indic\u00f3 el epidemi\u00f3logo de la Seremi de Salud, Ra\u00fal Quintanilla.<\/p>\n<p>Uno de los linajes que m\u00e1s preocupa a las autoridades es la variante Delta. \u201cSeg\u00fan el \u00faltimo informe epidemiol\u00f3gico publicado por el Ministerio de Salud, la regi\u00f3n de Coquimbo cuenta con 10 casos Delta y 26 casos con mutaciones asociadas a la misma variante, con informaci\u00f3n disponible al 20 de septiembre\u201d, a\u00f1adi\u00f3 Quintanilla.<\/p>\n<p>En la regi\u00f3n de Coquimbo se desarrolla una estrategia que busca identificar casos con caracter\u00edsticas epidemiol\u00f3gicas y cl\u00ednicas para estudiar su composici\u00f3n gen\u00e9tica viral completa en el Instituto de Salud P\u00fablica (ISP) como tambi\u00e9n en convenio con la Universidad de Santiago. Los laboratorios biomoleculares de los hospitales de La Serena, Coquimbo, Ovalle e Illapel colaboran con an\u00e1lisis local de las muestras.<\/p>\n<p>Con el an\u00e1lisis en la detecci\u00f3n de mutaciones asociadas a variantes cuentan con la t\u00e9cnica validada por ISP los laboratorios biomoleculares de Hospital San Pablo y CancerLab de Universidad Cat\u00f3lica del Norte. Adem\u00e1s, se dispone de un sistema para monitorear diariamente a los viajeros internacionales con residencia en la zona.<\/p>\n<p>Para el Seremi de Salud, Alejandro Garc\u00eda, lo importante es \u201cextremar las medidas preventivas ante el alza de casos que hemos experimentado en los \u00faltimos d\u00edas y la circulaci\u00f3n comunitaria que tenemos, por ejemplo, de la variante Delta. La pandemia no ha finalizado, por el contrario, estamos viendo un alza de casos nuevos y activos en varias comunas, por lo que es fundamental el autocuidado, incluso cuando estamos en nuestros domicilios particulares o en nuestros lugares de trabajo\u201d<\/p>\n<p>La Autoridad Sanitaria explic\u00f3, adem\u00e1s, que es fundamental el testeo ante la aparici\u00f3n de cualquier sintomatolog\u00eda relacionada a la enfermedad. \u201cEs importante que inmediatamente las personas acudan a un Centro Asistencial para realizarse el test PCR si tienen alg\u00fan s\u00edntoma como dolor de cabeza, fiebre, dolor de cuerpo o tos. Necesitamos aislar lo antes posible a los casos confirmados para que no se propague el virus\u201d, finaliz\u00f3 Garc\u00eda.<\/p>\n","protected":false},"excerpt":{"rendered":"<p>Seremi de Salud ha reforzado la vigilancia epidemiol\u00f3gica con la secuenciaci\u00f3n de 248 muestras regionales.<\/p>\n","protected":false},"author":2,"featured_media":5893,"comment_status":"open","ping_status":"open","sticky":false,"template":"","format":"standard","meta":{"footnotes":""},"categories":[6],"tags":[],"class_list":["post-5892","post","type-post","status-publish","format-standard","has-post-thumbnail","hentry","category-regionales"],"_links":{"self":[{"href":"https:\/\/www.radiolimari.cl\/index.php?rest_route=\/wp\/v2\/posts\/5892","targetHints":{"allow":["GET"]}}],"collection":[{"href":"https:\/\/www.radiolimari.cl\/index.php?rest_route=\/wp\/v2\/posts"}],"about":[{"href":"https:\/\/www.radiolimari.cl\/index.php?rest_route=\/wp\/v2\/types\/post"}],"author":[{"embeddable":true,"href":"https:\/\/www.radiolimari.cl\/index.php?rest_route=\/wp\/v2\/users\/2"}],"replies":[{"embeddable":true,"href":"https:\/\/www.radiolimari.cl\/index.php?rest_route=%2Fwp%2Fv2%2Fcomments&post=5892"}],"version-history":[{"count":1,"href":"https:\/\/www.radiolimari.cl\/index.php?rest_route=\/wp\/v2\/posts\/5892\/revisions"}],"predecessor-version":[{"id":5894,"href":"https:\/\/www.radiolimari.cl\/index.php?rest_route=\/wp\/v2\/posts\/5892\/revisions\/5894"}],"wp:featuredmedia":[{"embeddable":true,"href":"https:\/\/www.radiolimari.cl\/index.php?rest_route=\/wp\/v2\/media\/5893"}],"wp:attachment":[{"href":"https:\/\/www.radiolimari.cl\/index.php?rest_route=%2Fwp%2Fv2%2Fmedia&parent=5892"}],"wp:term":[{"taxonomy":"category","embeddable":true,"href":"https:\/\/www.radiolimari.cl\/index.php?rest_route=%2Fwp%2Fv2%2Fcategories&post=5892"},{"taxonomy":"post_tag","embeddable":true,"href":"https:\/\/www.radiolimari.cl\/index.php?rest_route=%2Fwp%2Fv2%2Ftags&post=5892"}],"curies":[{"name":"wp","href":"https:\/\/api.w.org\/{rel}","templated":true}]}}