{"id":5889,"date":"2021-09-27T15:07:43","date_gmt":"2021-09-27T15:07:43","guid":{"rendered":"http:\/\/www.radiolimari.cl\/?p=5889"},"modified":"2021-09-27T15:07:43","modified_gmt":"2021-09-27T15:07:43","slug":"rio-hurtado-cerca-de-200-familias-del-sector-de-las-breas-tendran-un-mejor-acceso-al-agua-potable","status":"publish","type":"post","link":"https:\/\/www.radiolimari.cl\/?p=5889","title":{"rendered":"Rio Hurtado: Cerca de 200 familias del sector de Las Breas tendr\u00e1n un mejor acceso al agua potable"},"content":{"rendered":"<p><a href=\"https:\/\/www.radiolimari.cl\/wp-content\/uploads\/2021\/09\/27.9-apr-las-breas.jpg\"><img fetchpriority=\"high\" decoding=\"async\" class=\"alignnone size-medium wp-image-5890\" src=\"https:\/\/www.radiolimari.cl\/wp-content\/uploads\/2021\/09\/27.9-apr-las-breas-300x225.jpg\" alt=\"27.9 apr las breas\" width=\"300\" height=\"225\" srcset=\"https:\/\/www.radiolimari.cl\/wp-content\/uploads\/2021\/09\/27.9-apr-las-breas-300x225.jpg 300w, https:\/\/www.radiolimari.cl\/wp-content\/uploads\/2021\/09\/27.9-apr-las-breas-1024x768.jpg 1024w\" sizes=\"(max-width: 300px) 100vw, 300px\" \/><\/a><\/p>\n<p><strong><em>El Ministerio de Obras P\u00fablicas, a trav\u00e9s de la Direcci\u00f3n de Obras Hidr\u00e1ulicas, dio inicio al contrato para el mejoramiento del sistema de agua potable rural de dicha localidad. Inversi\u00f3n supera los 500 millones de pesos.<\/em><\/strong><!--more--><\/p>\n<p>Los habitantes del sector cordillerano de Las Breas en la comuna de R\u00edo Hurtado, podr\u00e1n contar con un mejor abastecimiento de agua potable, luego que la Direcci\u00f3n de Obras Hidr\u00e1ulicas del Ministerio de Obras P\u00fablicas, diera inicio al contrato para el mejoramiento del sistema de agua potable rural (APR) que existe en dicha localidad.<\/p>\n<p>\u201cEsto es una gran satisfacci\u00f3n porque vamos a alimentar a toda la localidad de Las Breas sin los problemas que tenemos actualmente, ya que la noria se seca y tenemos que estar aliment\u00e1ndola desde el r\u00edo con motobombas \u201c, se\u00f1al\u00f3 Juan Cortes \u00c1ngel, presidente APR de Las Breas<\/p>\n<p>Al respecto el seremi de Obras P\u00fablicas, Pedro Rojas, recalc\u00f3 que \u201cestamos en una situaci\u00f3n h\u00eddrica muy compleja y por ende como Ministerio estamos absolutamente enfocados en poder mantener y garantizar el recurso h\u00eddrico para consumo humano. Este proyecto incluye mejoramiento en la impulsi\u00f3n, habilitaci\u00f3n de una fuente nueva que es muy relevante y obras viene a garantizar la operatividad de este sistema sanitario rural de Las Breas. Por ello, estamos muy contentos de anunciar el inicio de estas obras\u201d<\/p>\n<p>Tal como se\u00f1ala el seremi del MOP,\u00a0 los trabajos involucran habilitaci\u00f3n de una nueva fuente e instalaci\u00f3n de equipo de bombeo, construcci\u00f3n de caseta de comando y tratamiento, nuevas ca\u00f1er\u00edas de impulsi\u00f3n, construcci\u00f3n de nuevo estanque, redes de distribuci\u00f3n, nuevos arranques domiciliarios, generador, mejoramiento de instalaciones el\u00e9ctricas, entre otras intervenciones que permitir\u00e1n entregar un mejor acceso al agua potable a cerca de 200 familias del sector, incluidas algunas que hoy no cuentan con conexi\u00f3n al sistema. Los trabajos tienen un plazo de ejecuci\u00f3n de 300 d\u00edas e involucran una inversi\u00f3n por parte del MOP de 508 millones de pesos.<\/p>\n<p>&nbsp;<\/p>\n","protected":false},"excerpt":{"rendered":"<p>El Ministerio de Obras P\u00fablicas, a trav\u00e9s de la Direcci\u00f3n de Obras Hidr\u00e1ulicas, dio inicio al contrato para el mejoramiento del sistema de agua potable rural de dicha localidad. Inversi\u00f3n supera los 500 millones de pesos.<\/p>\n","protected":false},"author":2,"featured_media":5890,"comment_status":"open","ping_status":"open","sticky":false,"template":"","format":"standard","meta":{"footnotes":""},"categories":[5],"tags":[],"class_list":["post-5889","post","type-post","status-publish","format-standard","has-post-thumbnail","hentry","category-actualidad-limarina"],"_links":{"self":[{"href":"https:\/\/www.radiolimari.cl\/index.php?rest_route=\/wp\/v2\/posts\/5889","targetHints":{"allow":["GET"]}}],"collection":[{"href":"https:\/\/www.radiolimari.cl\/index.php?rest_route=\/wp\/v2\/posts"}],"about":[{"href":"https:\/\/www.radiolimari.cl\/index.php?rest_route=\/wp\/v2\/types\/post"}],"author":[{"embeddable":true,"href":"https:\/\/www.radiolimari.cl\/index.php?rest_route=\/wp\/v2\/users\/2"}],"replies":[{"embeddable":true,"href":"https:\/\/www.radiolimari.cl\/index.php?rest_route=%2Fwp%2Fv2%2Fcomments&post=5889"}],"version-history":[{"count":1,"href":"https:\/\/www.radiolimari.cl\/index.php?rest_route=\/wp\/v2\/posts\/5889\/revisions"}],"predecessor-version":[{"id":5891,"href":"https:\/\/www.radiolimari.cl\/index.php?rest_route=\/wp\/v2\/posts\/5889\/revisions\/5891"}],"wp:featuredmedia":[{"embeddable":true,"href":"https:\/\/www.radiolimari.cl\/index.php?rest_route=\/wp\/v2\/media\/5890"}],"wp:attachment":[{"href":"https:\/\/www.radiolimari.cl\/index.php?rest_route=%2Fwp%2Fv2%2Fmedia&parent=5889"}],"wp:term":[{"taxonomy":"category","embeddable":true,"href":"https:\/\/www.radiolimari.cl\/index.php?rest_route=%2Fwp%2Fv2%2Fcategories&post=5889"},{"taxonomy":"post_tag","embeddable":true,"href":"https:\/\/www.radiolimari.cl\/index.php?rest_route=%2Fwp%2Fv2%2Ftags&post=5889"}],"curies":[{"name":"wp","href":"https:\/\/api.w.org\/{rel}","templated":true}]}}