{"id":5874,"date":"2021-09-23T16:31:32","date_gmt":"2021-09-23T16:31:32","guid":{"rendered":"http:\/\/www.radiolimari.cl\/?p=5874"},"modified":"2021-09-23T16:31:32","modified_gmt":"2021-09-23T16:31:32","slug":"rio-hurtado-pone-en-practica-su-politica-medioambiental-con-el-retiro-de-residuos","status":"publish","type":"post","link":"https:\/\/www.radiolimari.cl\/?p=5874","title":{"rendered":"R\u00edo Hurtado pone en pr\u00e1ctica su pol\u00edtica medioambiental con el retiro de residuos"},"content":{"rendered":"<p><a href=\"https:\/\/www.radiolimari.cl\/wp-content\/uploads\/2021\/09\/23.9-rio-hurtado-Reciclaje.jpeg\"><img fetchpriority=\"high\" decoding=\"async\" class=\"alignnone size-medium wp-image-5875\" src=\"https:\/\/www.radiolimari.cl\/wp-content\/uploads\/2021\/09\/23.9-rio-hurtado-Reciclaje-300x225.jpeg\" alt=\"23.9 rio hurtado Reciclaje\" width=\"300\" height=\"225\" srcset=\"https:\/\/www.radiolimari.cl\/wp-content\/uploads\/2021\/09\/23.9-rio-hurtado-Reciclaje-300x225.jpeg 300w, https:\/\/www.radiolimari.cl\/wp-content\/uploads\/2021\/09\/23.9-rio-hurtado-Reciclaje.jpeg 1024w\" sizes=\"(max-width: 300px) 100vw, 300px\" \/><\/a><\/p>\n<p>Se inici\u00f3 el retiro de residuos de botellas de vidrio desde los contenedores que instal\u00f3 el municipio, a trav\u00e9s de un cami\u00f3n que recorrer las\u00a0 distintas localidades de la comuna. De esta forma, la pol\u00edtica comunal impulsada por la alcaldesa Carmen Juana Olivares va tomando forma para proteger el medioambiente.<!--more--><\/p>\n<p>En la localidad de Tahuinco se inici\u00f3 el retiro de residuos domiciliarios correspondientes a las botellas de vidrio desde los contenedores dispuestos en cada una de las localidades de la comuna de R\u00edo Hurtado.<\/p>\n<p>Esta es una pol\u00edtica comunal impulsada por la alcaldesa de R\u00edo Hurtado, Carmen Juana Olivares, en sus primeros d\u00edas de gesti\u00f3n y ahora se ven materializadas las gestiones con las alianzas generadas por la oficina del Medioambiente del municipio.<\/p>\n<p>Cada vecino podr\u00e1 depositar sus botellas vac\u00edas en cada uno de los contenedores dispuestos, mientras que la empresa Reciclean ser\u00e1 la encargada de retirar los residuos y llev\u00e1rselos hasta su planta ubicada en Coquimbo.<\/p>\n<p>\u201cEste es un convenio que comenz\u00f3 a desarrollarse en el mes de junio\u00a0 una vez asumida la alcaldesa, y busca que en la comuna tengamos una pol\u00edtica comunal de reciclaje que ya la estamos implementando y convenios con empresas que nos permita el manejo de residuos revalorizables, donde nosotros como comuna estamos trabajando inicialmente con el vidrio y el pl\u00e1stico\u201d, sostuvo Rodolfo Torres, encargado de la oficina de Medioambiente de la municipalidad.<\/p>\n<p>El llamado es a los vecinos a depositar cada botella de vidrio y tambi\u00e9n de pl\u00e1stico en forma individual, sin tapa y sin l\u00edquido en su interior, para un mejor manejo de los residuos por parte de los trabajadores. En cada sector hay dos contenedores de madera se\u00f1alizados para el dep\u00f3sito de los elementos, adem\u00e1s de dep\u00f3sitos tipo \u201ccampanas\u201d para almacenar m\u00e1s botellas de vidrio.<\/p>\n<p>\u201cEsta es una marcha blanca. Vamos a ver si este retiro de las botellas y envases se realiza una o dos veces al mes, tenemos que ver cu\u00e1nto tiempo nos demoramos en llenar cada contenedor con botellas, pero lo importante es que esta pol\u00edtica ya est\u00e1 instalada y la invitaci\u00f3n es a depositar nuestros residuos en los contenedores que est\u00e1n individualizados\u201d, agreg\u00f3 Torres.<\/p>\n<p>Y como complemento a esta pol\u00edtica comunal, el pr\u00f3ximo mi\u00e9rcoles 29 de septiembre a las 10.00 horas en el Sal\u00f3n de Eventos del municipio ubicado en Samo Alto se realizar\u00e1 una reuni\u00f3n informativa para generar en la comuna recicladores de base. En la comuna existen cerca de 15 recicladores de manera informal, pero se busca que estos pasen a ser formales y cuenten con la certificaci\u00f3n respectiva para el manejo de estos elementos. La Municipalidad de R\u00edo Hurtado y la Fundaci\u00f3n Reciclaje Inclusivo liderar\u00e1n la jornada y buscar\u00e1n incentivar a las personas a ser parte de una futura agrupaci\u00f3n en la comuna que permita ayudar al medioambiente y generar valor en los residuos como cart\u00f3n y aluminio.<\/p>\n","protected":false},"excerpt":{"rendered":"<p>Se inici\u00f3 el retiro de residuos de botellas de vidrio desde los contenedores que instal\u00f3 el municipio, a trav\u00e9s de un cami\u00f3n que recorrer las\u00a0 distintas localidades de la comuna. De esta forma, la pol\u00edtica comunal impulsada por la alcaldesa Carmen Juana Olivares va tomando forma para proteger el medioambiente.<\/p>\n","protected":false},"author":2,"featured_media":5875,"comment_status":"open","ping_status":"open","sticky":false,"template":"","format":"standard","meta":{"footnotes":""},"categories":[5],"tags":[],"class_list":["post-5874","post","type-post","status-publish","format-standard","has-post-thumbnail","hentry","category-actualidad-limarina"],"_links":{"self":[{"href":"https:\/\/www.radiolimari.cl\/index.php?rest_route=\/wp\/v2\/posts\/5874","targetHints":{"allow":["GET"]}}],"collection":[{"href":"https:\/\/www.radiolimari.cl\/index.php?rest_route=\/wp\/v2\/posts"}],"about":[{"href":"https:\/\/www.radiolimari.cl\/index.php?rest_route=\/wp\/v2\/types\/post"}],"author":[{"embeddable":true,"href":"https:\/\/www.radiolimari.cl\/index.php?rest_route=\/wp\/v2\/users\/2"}],"replies":[{"embeddable":true,"href":"https:\/\/www.radiolimari.cl\/index.php?rest_route=%2Fwp%2Fv2%2Fcomments&post=5874"}],"version-history":[{"count":1,"href":"https:\/\/www.radiolimari.cl\/index.php?rest_route=\/wp\/v2\/posts\/5874\/revisions"}],"predecessor-version":[{"id":5876,"href":"https:\/\/www.radiolimari.cl\/index.php?rest_route=\/wp\/v2\/posts\/5874\/revisions\/5876"}],"wp:featuredmedia":[{"embeddable":true,"href":"https:\/\/www.radiolimari.cl\/index.php?rest_route=\/wp\/v2\/media\/5875"}],"wp:attachment":[{"href":"https:\/\/www.radiolimari.cl\/index.php?rest_route=%2Fwp%2Fv2%2Fmedia&parent=5874"}],"wp:term":[{"taxonomy":"category","embeddable":true,"href":"https:\/\/www.radiolimari.cl\/index.php?rest_route=%2Fwp%2Fv2%2Fcategories&post=5874"},{"taxonomy":"post_tag","embeddable":true,"href":"https:\/\/www.radiolimari.cl\/index.php?rest_route=%2Fwp%2Fv2%2Ftags&post=5874"}],"curies":[{"name":"wp","href":"https:\/\/api.w.org\/{rel}","templated":true}]}}