{"id":5867,"date":"2021-09-23T15:54:58","date_gmt":"2021-09-23T15:54:58","guid":{"rendered":"http:\/\/www.radiolimari.cl\/?p=5867"},"modified":"2021-09-23T15:54:58","modified_gmt":"2021-09-23T15:54:58","slug":"ministerio-secretaria-general-de-gobierno-invita-a-participar-del-curso-reduccion-del-riesgo-de-desastres-con-la-comunidad","status":"publish","type":"post","link":"https:\/\/www.radiolimari.cl\/?p=5867","title":{"rendered":"Ministerio Secretar\u00eda General de Gobierno Invita a participar del curso \u201cReducci\u00f3n del riesgo de desastres con la comunidad\u201d"},"content":{"rendered":"<p><a href=\"https:\/\/www.radiolimari.cl\/wp-content\/uploads\/2021\/09\/23.9-CURSO-2.jpeg\"><img fetchpriority=\"high\" decoding=\"async\" class=\"alignnone size-medium wp-image-5868\" src=\"https:\/\/www.radiolimari.cl\/wp-content\/uploads\/2021\/09\/23.9-CURSO-2-300x300.jpeg\" alt=\"23.9 CURSO 2\" width=\"300\" height=\"300\" srcset=\"https:\/\/www.radiolimari.cl\/wp-content\/uploads\/2021\/09\/23.9-CURSO-2-300x300.jpeg 300w, https:\/\/www.radiolimari.cl\/wp-content\/uploads\/2021\/09\/23.9-CURSO-2-150x150.jpeg 150w, https:\/\/www.radiolimari.cl\/wp-content\/uploads\/2021\/09\/23.9-CURSO-2-70x70.jpeg 70w, https:\/\/www.radiolimari.cl\/wp-content\/uploads\/2021\/09\/23.9-CURSO-2.jpeg 1024w\" sizes=\"(max-width: 300px) 100vw, 300px\" \/><\/a><\/p>\n<p><strong><em>La capacitaci\u00f3n ser\u00e1 impartida a trav\u00e9s de la plataforma de educaci\u00f3n a distancia que el \u00a0Ministerio Secretar\u00eda General de Gobierno ha implementado para apoyar la formaci\u00f3n de los dirigentes sociales <\/em><\/strong><!--more--><\/p>\n<p>Hasta el 3 de octubre hay plazo para inscribirse y ser parte del curso \u201cReducci\u00f3n del riesgo de desastres con la comunidad\u201d, iniciativa que ser\u00e1 dictada por profesionales de Onemi y facilitada por la Unidad e-learning del Ministerio Secretaria General de Gobierno por medio de la p\u00e1gina web escuela.segegob.cl.<\/p>\n<p>Esta actividad tiene como objetivo entregar conceptos y nociones b\u00e1sicas de la gesti\u00f3n el riesgo de desastres, con miras a la prevenci\u00f3n y preparaci\u00f3n de la poblaci\u00f3n, por ello se est\u00e1 invitando a participar a los l\u00edderes sociales y a la comunidad en general.<\/p>\n<p><strong>\u201cLa Regi\u00f3n de Coquimbo ya ha conocido de grandes desastres naturales, como el terremoto del 2015 o el de 2019 y aluviones, entre otros; lo que ha ido generando una cultura preventiva en la poblaci\u00f3n. Sin embargo, es necesario entregarles a las personas un conocimiento claro y fundamentado sobre c\u00f3mo abordar estas situaciones. Sin duda, esta ser\u00e1 una instancia importante de aprendizaje para las familias y que, tambi\u00e9n, servir\u00e1 para asimilar los conocimientos que ya se tienen\u201d, se\u00f1al\u00f3 el Seremi de Gobierno, Ignacio Pinto.<\/strong><\/p>\n<p>El curso contar\u00e1 con 3 m\u00f3dulos, los que ser\u00e1n abordados en las siete semanas de duraci\u00f3n de la capacitaci\u00f3n, que parte este 18 de octubre. Entre los grandes temas que se tocar\u00e1n est\u00e1 la introducci\u00f3n a la Gesti\u00f3n del Riesgo de Desastres, las principales amenazas y la elaboraci\u00f3n del Plan Familia Protegida.<\/p>\n<p>El Vocero Regional, Ignacio Pinto explic\u00f3 que para ser parte de la actividad, solo es necesario inscribirse en la web escuela.segegob.cl y contar con la clave \u00fanica para entrar a la plataforma de ense\u00f1anza y as\u00ed participar de las clases. Por ello, invit\u00f3 a toda la comunidad a ser parte de esta iniciativa.<\/p>\n<p>&nbsp;<\/p>\n","protected":false},"excerpt":{"rendered":"<p>La capacitaci\u00f3n ser\u00e1 impartida a trav\u00e9s de la plataforma de educaci\u00f3n a distancia que el \u00a0Ministerio Secretar\u00eda General de Gobierno ha implementado para apoyar la formaci\u00f3n de los dirigentes sociales<\/p>\n","protected":false},"author":2,"featured_media":5868,"comment_status":"open","ping_status":"open","sticky":false,"template":"","format":"standard","meta":{"footnotes":""},"categories":[3],"tags":[],"class_list":["post-5867","post","type-post","status-publish","format-standard","has-post-thumbnail","hentry","category-actualidad"],"_links":{"self":[{"href":"https:\/\/www.radiolimari.cl\/index.php?rest_route=\/wp\/v2\/posts\/5867","targetHints":{"allow":["GET"]}}],"collection":[{"href":"https:\/\/www.radiolimari.cl\/index.php?rest_route=\/wp\/v2\/posts"}],"about":[{"href":"https:\/\/www.radiolimari.cl\/index.php?rest_route=\/wp\/v2\/types\/post"}],"author":[{"embeddable":true,"href":"https:\/\/www.radiolimari.cl\/index.php?rest_route=\/wp\/v2\/users\/2"}],"replies":[{"embeddable":true,"href":"https:\/\/www.radiolimari.cl\/index.php?rest_route=%2Fwp%2Fv2%2Fcomments&post=5867"}],"version-history":[{"count":1,"href":"https:\/\/www.radiolimari.cl\/index.php?rest_route=\/wp\/v2\/posts\/5867\/revisions"}],"predecessor-version":[{"id":5869,"href":"https:\/\/www.radiolimari.cl\/index.php?rest_route=\/wp\/v2\/posts\/5867\/revisions\/5869"}],"wp:featuredmedia":[{"embeddable":true,"href":"https:\/\/www.radiolimari.cl\/index.php?rest_route=\/wp\/v2\/media\/5868"}],"wp:attachment":[{"href":"https:\/\/www.radiolimari.cl\/index.php?rest_route=%2Fwp%2Fv2%2Fmedia&parent=5867"}],"wp:term":[{"taxonomy":"category","embeddable":true,"href":"https:\/\/www.radiolimari.cl\/index.php?rest_route=%2Fwp%2Fv2%2Fcategories&post=5867"},{"taxonomy":"post_tag","embeddable":true,"href":"https:\/\/www.radiolimari.cl\/index.php?rest_route=%2Fwp%2Fv2%2Ftags&post=5867"}],"curies":[{"name":"wp","href":"https:\/\/api.w.org\/{rel}","templated":true}]}}