{"id":5854,"date":"2021-09-21T19:12:16","date_gmt":"2021-09-21T19:12:16","guid":{"rendered":"http:\/\/www.radiolimari.cl\/?p=5854"},"modified":"2021-09-21T19:12:16","modified_gmt":"2021-09-21T19:12:16","slug":"sanitaria-presento-a-la-gobernadora-regional-su-plan-de-accion-para-asegurar-el-agua-para-consumo-humano","status":"publish","type":"post","link":"https:\/\/www.radiolimari.cl\/?p=5854","title":{"rendered":"Sanitaria present\u00f3 a la Gobernadora Regional su plan de acci\u00f3n para asegurar el agua para consumo humano"},"content":{"rendered":"<p><a href=\"https:\/\/www.radiolimari.cl\/wp-content\/uploads\/2021\/09\/21.9-sanitaria.jpg\"><img fetchpriority=\"high\" decoding=\"async\" class=\"alignnone size-medium wp-image-5855\" src=\"https:\/\/www.radiolimari.cl\/wp-content\/uploads\/2021\/09\/21.9-sanitaria-300x199.jpg\" alt=\"21.9 sanitaria\" width=\"300\" height=\"199\" srcset=\"https:\/\/www.radiolimari.cl\/wp-content\/uploads\/2021\/09\/21.9-sanitaria-300x199.jpg 300w, https:\/\/www.radiolimari.cl\/wp-content\/uploads\/2021\/09\/21.9-sanitaria.jpg 800w\" sizes=\"(max-width: 300px) 100vw, 300px\" \/><\/a><\/p>\n<p>&#8211;\u00a0\u00a0\u00a0\u00a0\u00a0\u00a0 <strong>La empresa Aguas del Valle plante\u00f3 el escenario h\u00eddrico general, en que los embalses de la regi\u00f3n est\u00e1n en un 27% de su capacidad m\u00e1xima, mientras que las precipitaciones permanecen en d\u00e9ficit, planteando importantes dificultades para el abastecimiento.<\/strong><!--more--><\/p>\n<p>Asegurar el agua para consumo humano es la principal prioridad en medio del complejo escenario h\u00eddrico por el que atraviesa la Regi\u00f3n de Coquimbo. Para abordar este panorama, y conocer el trabajo implementado por la empresa sanitaria Aguas del Valle, el Gerente Regional de la empresa, Andr\u00e9s Nazer, se reuni\u00f3 con la Gobernadora Regional, Krist Naranjo.<\/p>\n<p><strong>\u201cEstamos viviendo una crisis h\u00eddrica bastante fuerte, lo que est\u00e1 condicionado por el cambio clim\u00e1tico. Hoy es muy necesario contar con las herramientas necesarias para asegurar el agua de consumo humano, un tema bastante profundo que se tiene que estructurar de mejor forma en la Constituci\u00f3n, pero hasta que eso pase, tenemos que tomar medidas e implementar proyectos de la mano de las comunidades. Personalmente recibo muchas llamadas desde las comunidades por esta problem\u00e1tica y es precisamente uno de los temas que pude conversar hoy con Aguas del Valle, para que se hagan part\u00edcipes de estas propuestas\u201d, <\/strong>dijo la autoridad regional tras la reuni\u00f3n.<strong>\u00a0<\/strong><\/p>\n<p>La Gobernadora detall\u00f3 que en algunas localidades de la regi\u00f3n se est\u00e1n entregando 50m3 de agua por persona, mientras que la ley establece un m\u00ednimo de 100 m3 por persona.<strong> \u201cNo estamos dando abasto como regi\u00f3n y por eso, como Gobierno Regional estamos trabajando en un Plan Regional de Manejo H\u00eddrico, en el que estamos considerando todas las alternativas para fortalecer el desarrollo h\u00eddrico y asegurar el suministro. Un proceso en el que todos los actores involucrados son necesarios para construir juntos un plan m\u00e1s fortalecido en esta \u00e1rea\u201d.<\/strong><\/p>\n<p>Durante la presentaci\u00f3n, la empresa sanitaria detall\u00f3 en los distintos esfuerzos en desarrollo para respaldar la producci\u00f3n de agua potable, entre ellas, un proyecto de desaladora, que en una primera etapa ser\u00eda para las comunas de La Serena y Coquimbo, respecto del que la gobernadora regional puntualiz\u00f3 en la necesidad de incorporar m\u00e1s tecnolog\u00edas en este tipo de iniciativas, con el fin de disminuir su impacto medioambiental. Adem\u00e1s, se revis\u00f3 la construcci\u00f3n de una conducci\u00f3n de agua para dar m\u00e1s seguridad h\u00eddrica a la Provincia del Choapa.<\/p>\n<p>Respecto de estos esfuerzos, el Gerente de Aguas del Valle, Andr\u00e9s Nazer, detall\u00f3 que <strong>\u201cnosotros seguimos con una serie de acciones y obras para ir haciendo frente a este escenario h\u00eddrico adverso, pero si la situaci\u00f3n de precipitaciones se pone muy adversa, como ha ido ocurriendo hasta ahora, y el pr\u00f3ximo a\u00f1o no tenemos lluvias suficientes, el escenario de consumo humano podr\u00eda verse afectado. Para eso estamos trabajando fuertemente y con todos nuestros recursos t\u00e9cnicos para evitar situaciones de racionamiento en el futuro\u201d.<\/strong><\/p>\n<p>La conducci\u00f3n Salamanca-Lim\u00e1huida, permiti\u00f3 precisamente evitar el racionamiento de agua potable para los m\u00e1s de 32 mil vecinos de la zona urbana de Illapel, en un trabajo que pr\u00f3ximamente incluir\u00e1 a sectores que est\u00e1n fuera del \u00e1rea operacional de la empresa, trabajo que ya presenta un 30% de avance.<\/p>\n<p>La empresa sanitaria inform\u00f3 que durante los \u00faltimos 10 a\u00f1os ha destinado m\u00e1s de $52.000 millones en inversiones y gastos para abordar la sequ\u00eda, recursos adicionales a las inversiones habituales, y que se traducen en nuevos tranques, pozos, estanques, conducciones, traslado de agua en camiones aljibes y arriendo de derechos de agua y proyectos de eficiencia con incorporaci\u00f3n de tecnolog\u00eda para reducir perdidas, entre otras iniciativas.<\/p>\n<p><strong>\u00a0<\/strong><\/p>\n","protected":false},"excerpt":{"rendered":"<p>&#8211;\u00a0\u00a0\u00a0\u00a0\u00a0\u00a0 La empresa Aguas del Valle plante\u00f3 el escenario h\u00eddrico general, en que los embalses de la regi\u00f3n est\u00e1n en un 27% de su capacidad m\u00e1xima, mientras que las precipitaciones permanecen en d\u00e9ficit, planteando importantes dificultades para el abastecimiento.<\/p>\n","protected":false},"author":2,"featured_media":5855,"comment_status":"open","ping_status":"open","sticky":false,"template":"","format":"standard","meta":{"footnotes":""},"categories":[6],"tags":[],"class_list":["post-5854","post","type-post","status-publish","format-standard","has-post-thumbnail","hentry","category-regionales"],"_links":{"self":[{"href":"https:\/\/www.radiolimari.cl\/index.php?rest_route=\/wp\/v2\/posts\/5854","targetHints":{"allow":["GET"]}}],"collection":[{"href":"https:\/\/www.radiolimari.cl\/index.php?rest_route=\/wp\/v2\/posts"}],"about":[{"href":"https:\/\/www.radiolimari.cl\/index.php?rest_route=\/wp\/v2\/types\/post"}],"author":[{"embeddable":true,"href":"https:\/\/www.radiolimari.cl\/index.php?rest_route=\/wp\/v2\/users\/2"}],"replies":[{"embeddable":true,"href":"https:\/\/www.radiolimari.cl\/index.php?rest_route=%2Fwp%2Fv2%2Fcomments&post=5854"}],"version-history":[{"count":1,"href":"https:\/\/www.radiolimari.cl\/index.php?rest_route=\/wp\/v2\/posts\/5854\/revisions"}],"predecessor-version":[{"id":5856,"href":"https:\/\/www.radiolimari.cl\/index.php?rest_route=\/wp\/v2\/posts\/5854\/revisions\/5856"}],"wp:featuredmedia":[{"embeddable":true,"href":"https:\/\/www.radiolimari.cl\/index.php?rest_route=\/wp\/v2\/media\/5855"}],"wp:attachment":[{"href":"https:\/\/www.radiolimari.cl\/index.php?rest_route=%2Fwp%2Fv2%2Fmedia&parent=5854"}],"wp:term":[{"taxonomy":"category","embeddable":true,"href":"https:\/\/www.radiolimari.cl\/index.php?rest_route=%2Fwp%2Fv2%2Fcategories&post=5854"},{"taxonomy":"post_tag","embeddable":true,"href":"https:\/\/www.radiolimari.cl\/index.php?rest_route=%2Fwp%2Fv2%2Ftags&post=5854"}],"curies":[{"name":"wp","href":"https:\/\/api.w.org\/{rel}","templated":true}]}}