{"id":5841,"date":"2021-09-21T13:13:56","date_gmt":"2021-09-21T13:13:56","guid":{"rendered":"http:\/\/www.radiolimari.cl\/?p=5841"},"modified":"2021-09-21T13:13:56","modified_gmt":"2021-09-21T13:13:56","slug":"corte-de-la-serena-condena-a-coronel-de-ejercito-r-a-15-anos-y-un-dia-de-presidio-por-secuestro-calificado-de-topografo","status":"publish","type":"post","link":"https:\/\/www.radiolimari.cl\/?p=5841","title":{"rendered":"Corte de La Serena condena a coronel de Ej\u00e9rcito (r) a 15 a\u00f1os y un d\u00eda de presidio por secuestro calificado de top\u00f3grafo"},"content":{"rendered":"<p><a href=\"https:\/\/www.radiolimari.cl\/wp-content\/uploads\/2021\/09\/21.9-corte.jpg\"><img fetchpriority=\"high\" decoding=\"async\" class=\"alignnone size-medium wp-image-5842\" src=\"https:\/\/www.radiolimari.cl\/wp-content\/uploads\/2021\/09\/21.9-corte-300x227.jpg\" alt=\"21.9 corte\" width=\"300\" height=\"227\" srcset=\"https:\/\/www.radiolimari.cl\/wp-content\/uploads\/2021\/09\/21.9-corte-300x227.jpg 300w, https:\/\/www.radiolimari.cl\/wp-content\/uploads\/2021\/09\/21.9-corte-1024x777.jpg 1024w, https:\/\/www.radiolimari.cl\/wp-content\/uploads\/2021\/09\/21.9-corte.jpg 1536w\" sizes=\"(max-width: 300px) 100vw, 300px\" \/><\/a><\/p>\n<p>La Corte de Apelaciones de La Serena confirm\u00f3\u00a0 la sentencia que conden\u00f3 al coronel de Ej\u00e9rcito (r) Ra\u00fal del Canto Galdames, en calidad de autor del delito de secuestro calificado del top\u00f3grafo Pedro Segundo Mella Vergara. <!--more--><\/p>\n<p>En fallo un\u00e1nime (causa rol 488-2021), la Segunda Sala del tribunal de alzada \u2013integrada por los ministros Marta Maldonado, Sergio Troncoso y Jorge Corrales\u2013 ratific\u00f3 la resoluci\u00f3n recurrida, dictada el 30 de enero pasado por el ministro en visita Vicente Hormaz\u00e1bal Abarz\u00faa, con declaraci\u00f3n que se eleva la pena que deber\u00e1 cumplir Del Canto Galdames a 15 a\u00f1os y un d\u00eda de presidio.<\/p>\n<p>\u201cQue, en cuanto a la apelaci\u00f3n deducida por la defensa del condenado, la que omite todo tipo de argumentaciones, esta Corte comparte las conclusiones a las cuales ha arribado el sentenciador de la instancia para arribar al veredicto condenatorio y desestimar cualquier pretensi\u00f3n de reforma en su beneficio, estim\u00e1ndose que las probanzas allegadas a estos antecedentes permiten tener por acreditado el cuerpo del delito y la participaci\u00f3n culpable que en aquel corresponde al encartado, como asimismo, la concurrencia de las circunstancias que permiten calificar el hecho punible como secuestro calificado\u201d, sostiene el fallo.<\/p>\n<p>Asimismo, la resoluci\u00f3n agrega: \u201cQue no se advierte que exista una desproporci\u00f3n en las sumas que han sido otorgadas a t\u00edtulo de da\u00f1o moral, las que se encuentran suficientemente justificadas en el inconmensurable da\u00f1o a las v\u00edctimas demandantes, teniendo en consideraci\u00f3n el extenso per\u00edodo durante el cual buscaron afanosamente conocer el paradero de Pedro Mella Vergara\u201d-<\/p>\n<p>\u201cPor estas consideraciones, teniendo presente lo informado por la Fiscal\u00eda Judicial, y conforme lo prescrito en los art\u00edculos 5 y 6 de la Constituci\u00f3n Pol\u00edtica de la Rep\u00fablica, 63 de la Convenci\u00f3n Americana de Derechos Humanos, y los dem\u00e1s instrumentos de derecho internacional y normas legales citadas, as\u00ed como en los art\u00edculos 40, 54 bis, 55, 63 y 514 del C\u00f3digo de Procedimiento Penal, <strong>SE CONFIRMA, con costas<\/strong>, la sentencia apelada de treinta de enero de dos mil veintiuno, escrita de fojas 1.683 a 1.710 vuelta de estos autos CON DECLARACI\u00d3N que se eleva la extensi\u00f3n de la sanci\u00f3n corporal que se impone al sentenciado RA\u00daL DEL CANTO GALDAMES, ya individualizado, en su calidad de autor del delito de secuestro calificado previsto y sancionado en el art\u00edculo 141 incisos 1\u00b0 y 3\u00b0 del C\u00f3digo Penal, en grado consumado, de Pedro Segundo Vella Vergara, cometido en la ciudad de Arica, a partir del d\u00eda 14 de mayo de 1977, a la pena de QUINCE A\u00d1OS Y UN D\u00cdA de presidio mayor en su grado medio, manteniendo las accesorias decretadas por el juez de la instancia\u201d, ordena.<\/p>\n<p>En el fallo recurrido, el ministro Hormaz\u00e1bal Abarz\u00faa dio por establecido: \u201cQue Pedro Segundo Mella Vergara el d\u00eda 14 de mayo de 1977 se encontraba en compa\u00f1\u00eda de su c\u00f3nyuge Nilda Caqueo Olcay y su amigo Sergio Oviedo Sarria al interior de la boite Manhattan de la ciudad de Arica, siendo detenido y trasladado a la Primera Comisar\u00eda de Carabineros a petici\u00f3n de efectivos del Ej\u00e9rcito pertenecientes a la Direcci\u00f3n de Inteligencia Nacional (DINA que cambi\u00f3 de nombre a Central Nacional de Informaciones en agosto de 1977), tras haberlo sindicado como esp\u00eda y experto en explosivos, lugar desde el cual fue retirado por uno de dichos efectivos, no siendo posible determinar su paradero desde esa fecha hasta el momento actual\u201d.<\/p>\n<p>En el aspecto civil, el tribunal de alzada confirm\u00f3 la resoluci\u00f3n que conden\u00f3 al fisco a pagar la suma total de $250.000.000 (doscientos cincuenta millones de pesos) por concepto de da\u00f1o moral, a la c\u00f3nyuge e hijos de la v\u00edctima.<\/p>\n<p>&nbsp;<\/p>\n<p>&nbsp;<\/p>\n","protected":false},"excerpt":{"rendered":"<p>La Corte de Apelaciones de La Serena confirm\u00f3\u00a0 la sentencia que conden\u00f3 al coronel de Ej\u00e9rcito (r) Ra\u00fal del Canto Galdames, en calidad de autor del delito de secuestro calificado del top\u00f3grafo Pedro Segundo Mella Vergara.<\/p>\n","protected":false},"author":2,"featured_media":5842,"comment_status":"open","ping_status":"open","sticky":false,"template":"","format":"standard","meta":{"footnotes":""},"categories":[6],"tags":[],"class_list":["post-5841","post","type-post","status-publish","format-standard","has-post-thumbnail","hentry","category-regionales"],"_links":{"self":[{"href":"https:\/\/www.radiolimari.cl\/index.php?rest_route=\/wp\/v2\/posts\/5841","targetHints":{"allow":["GET"]}}],"collection":[{"href":"https:\/\/www.radiolimari.cl\/index.php?rest_route=\/wp\/v2\/posts"}],"about":[{"href":"https:\/\/www.radiolimari.cl\/index.php?rest_route=\/wp\/v2\/types\/post"}],"author":[{"embeddable":true,"href":"https:\/\/www.radiolimari.cl\/index.php?rest_route=\/wp\/v2\/users\/2"}],"replies":[{"embeddable":true,"href":"https:\/\/www.radiolimari.cl\/index.php?rest_route=%2Fwp%2Fv2%2Fcomments&post=5841"}],"version-history":[{"count":1,"href":"https:\/\/www.radiolimari.cl\/index.php?rest_route=\/wp\/v2\/posts\/5841\/revisions"}],"predecessor-version":[{"id":5843,"href":"https:\/\/www.radiolimari.cl\/index.php?rest_route=\/wp\/v2\/posts\/5841\/revisions\/5843"}],"wp:featuredmedia":[{"embeddable":true,"href":"https:\/\/www.radiolimari.cl\/index.php?rest_route=\/wp\/v2\/media\/5842"}],"wp:attachment":[{"href":"https:\/\/www.radiolimari.cl\/index.php?rest_route=%2Fwp%2Fv2%2Fmedia&parent=5841"}],"wp:term":[{"taxonomy":"category","embeddable":true,"href":"https:\/\/www.radiolimari.cl\/index.php?rest_route=%2Fwp%2Fv2%2Fcategories&post=5841"},{"taxonomy":"post_tag","embeddable":true,"href":"https:\/\/www.radiolimari.cl\/index.php?rest_route=%2Fwp%2Fv2%2Ftags&post=5841"}],"curies":[{"name":"wp","href":"https:\/\/api.w.org\/{rel}","templated":true}]}}