{"id":5824,"date":"2021-09-15T12:51:29","date_gmt":"2021-09-15T12:51:29","guid":{"rendered":"http:\/\/www.radiolimari.cl\/?p=5824"},"modified":"2021-09-15T12:51:29","modified_gmt":"2021-09-15T12:51:29","slug":"se-busca-evitar-con-patrullaje-y-vigilancia-area-ingreso-de-personas-a-recintos-de-celebracion-de-fiestas-patrias","status":"publish","type":"post","link":"https:\/\/www.radiolimari.cl\/?p=5824","title":{"rendered":"Se busca evitar, con patrullaje y vigilancia ar\u00e9a, ingreso de personas a recintos de celebraci\u00f3n de Fiestas Patrias.."},"content":{"rendered":"<p><a href=\"https:\/\/www.radiolimari.cl\/wp-content\/uploads\/2021\/09\/15.9-delegacion-presidencial.jpeg\"><img fetchpriority=\"high\" decoding=\"async\" class=\"alignnone size-medium wp-image-5825\" src=\"https:\/\/www.radiolimari.cl\/wp-content\/uploads\/2021\/09\/15.9-delegacion-presidencial-300x225.jpeg\" alt=\"15.9 delegacion presidencial\" width=\"300\" height=\"225\" srcset=\"https:\/\/www.radiolimari.cl\/wp-content\/uploads\/2021\/09\/15.9-delegacion-presidencial-300x225.jpeg 300w, https:\/\/www.radiolimari.cl\/wp-content\/uploads\/2021\/09\/15.9-delegacion-presidencial.jpeg 1024w\" sizes=\"(max-width: 300px) 100vw, 300px\" \/><\/a><\/p>\n<p><strong><em>El Gobierno, junto con Carabineros, PDI y en coordinaci\u00f3n con los municipios, ejecutar\u00e1 durante estos d\u00edas un despliegue en los puntos definidos de actividades familiares. La idea es impedir que las personas acampen en estos lugares.<\/em><\/strong><!--more--><\/p>\n<p>Hoy la Pampilla de Coquimbo luce completamente vac\u00eda. Y es que la situaci\u00f3n sanitaria llev\u00f3, por segundo a\u00f1o consecutivo, a posponer la llamada fiesta m\u00e1s grande de Chile con el objetivo de evitar posibles nuevos contagios por coronavirus.<\/p>\n<p>Al igual que en el recinto coquimbano, en varios otros espacios de reconocida tradici\u00f3n dieciochera, tampoco habr\u00e1 celebraciones masivas, trasladando estos festejos a los barrios.<\/p>\n<p>En este contexto, el Gobierno, en coordinaci\u00f3n con los municipios y las polic\u00edas, implementar\u00e1 una estrategia de patrullajes y controles en los puntos que cada municipio defina seg\u00fan su propia calendarizaci\u00f3n de actividades.<\/p>\n<p>Al respecto, el Delegado Presidencial Regional de Coquimbo, Pablo Herman, dijo que <strong>\u201cagradecemos el trabajo de los municipios y de la comunidad que ha entendido el mensaje, como vimos en la Pampilla que hoy est\u00e1 desierta. Nosotros tomamos una decisi\u00f3n en el Comit\u00e9 de Crisis de desarrollar actividades barriales, considerando que el comercio es importante y la gran cantidad de personas que vendr\u00e1n a la regi\u00f3n, cerca de 50 mil personas\u201d<\/strong>.<\/p>\n<p>Carabineros y la Polic\u00eda de Investigaciones estar\u00e1n con una importante presencia en terreno, realizando controles en las actividades programadas como en los puntos de ingreso a las pampillas. La idea es impedir que las familias acampen en estos lugares.<\/p>\n<p>Ali Manouchehri, Alcalde de Coquimbo, se\u00f1al\u00f3 que <strong>\u201ces lamentable suspender la Pampilla, para nosotros es duro por las visitas que ten\u00edamos. Pero por la pandemia tenemos que cuidarnos. Desarrollamos una cartelera muy diversa para que la familia pueda disfrutar pero con los resguardos pertinentes\u201d<\/strong>.<strong>\u00a0<\/strong><\/p>\n<p>El despliegue considera patrullaje conjunto con el personal de seguridad ciudadana de los municipios, a los que se suman los 3 drones de la Subsecretar\u00eda de Prevenci\u00f3n del Delito.<\/p>\n<p><strong>\u201cTeniendo en consideraci\u00f3n que la pandemia no ha pasado, no hay que exponerse innecesariamente. Tenemos una preocupaci\u00f3n especial en materia de tr\u00e1nsito, porque llegamos a los 70 fallecidos, cifra id\u00e9ntica al a\u00f1o pasado. Por eso es que llamamos a la conducci\u00f3n responsable y evitar engrosar este n\u00famero\u201d<\/strong>, inform\u00f3 el General Rodrigo Espinoza, Jefe de la IV Zona de Carabineros.<strong>\u00a0<\/strong><\/p>\n<p>Desde Carabineros acotaron que los servicios preventivos en Coquimbo ya est\u00e1n operando, en base a una planificaci\u00f3n que se desarroll\u00f3 en conjunto con la municipalidad para abordar las necesidades de seguridad de la comuna en el marco de las celebraciones.<\/p>\n","protected":false},"excerpt":{"rendered":"<p>El Gobierno, junto con Carabineros, PDI y en coordinaci\u00f3n con los municipios, ejecutar\u00e1 durante estos d\u00edas un despliegue en los puntos definidos de actividades familiares. La idea es impedir que las personas acampen en estos lugares.<\/p>\n","protected":false},"author":2,"featured_media":5825,"comment_status":"open","ping_status":"open","sticky":false,"template":"","format":"standard","meta":{"footnotes":""},"categories":[6],"tags":[],"class_list":["post-5824","post","type-post","status-publish","format-standard","has-post-thumbnail","hentry","category-regionales"],"_links":{"self":[{"href":"https:\/\/www.radiolimari.cl\/index.php?rest_route=\/wp\/v2\/posts\/5824","targetHints":{"allow":["GET"]}}],"collection":[{"href":"https:\/\/www.radiolimari.cl\/index.php?rest_route=\/wp\/v2\/posts"}],"about":[{"href":"https:\/\/www.radiolimari.cl\/index.php?rest_route=\/wp\/v2\/types\/post"}],"author":[{"embeddable":true,"href":"https:\/\/www.radiolimari.cl\/index.php?rest_route=\/wp\/v2\/users\/2"}],"replies":[{"embeddable":true,"href":"https:\/\/www.radiolimari.cl\/index.php?rest_route=%2Fwp%2Fv2%2Fcomments&post=5824"}],"version-history":[{"count":1,"href":"https:\/\/www.radiolimari.cl\/index.php?rest_route=\/wp\/v2\/posts\/5824\/revisions"}],"predecessor-version":[{"id":5826,"href":"https:\/\/www.radiolimari.cl\/index.php?rest_route=\/wp\/v2\/posts\/5824\/revisions\/5826"}],"wp:featuredmedia":[{"embeddable":true,"href":"https:\/\/www.radiolimari.cl\/index.php?rest_route=\/wp\/v2\/media\/5825"}],"wp:attachment":[{"href":"https:\/\/www.radiolimari.cl\/index.php?rest_route=%2Fwp%2Fv2%2Fmedia&parent=5824"}],"wp:term":[{"taxonomy":"category","embeddable":true,"href":"https:\/\/www.radiolimari.cl\/index.php?rest_route=%2Fwp%2Fv2%2Fcategories&post=5824"},{"taxonomy":"post_tag","embeddable":true,"href":"https:\/\/www.radiolimari.cl\/index.php?rest_route=%2Fwp%2Fv2%2Ftags&post=5824"}],"curies":[{"name":"wp","href":"https:\/\/api.w.org\/{rel}","templated":true}]}}