{"id":5820,"date":"2021-09-15T12:33:05","date_gmt":"2021-09-15T12:33:05","guid":{"rendered":"http:\/\/www.radiolimari.cl\/?p=5820"},"modified":"2021-09-15T12:39:30","modified_gmt":"2021-09-15T12:39:30","slug":"sernameg-llama-a-familias-a-la-corresponsabilidad-domestica-y-a-realizar-tareas-compartidas-durante-fiestas-patrias","status":"publish","type":"post","link":"https:\/\/www.radiolimari.cl\/?p=5820","title":{"rendered":"Sernameg llama a familias a la corresponsabilidad dom\u00e9stica y a realizar tareas compartidas durante Fiestas Patrias"},"content":{"rendered":"<p><a href=\"https:\/\/www.radiolimari.cl\/wp-content\/uploads\/2021\/09\/15.9-sernameg.jpg\"><img fetchpriority=\"high\" decoding=\"async\" class=\"alignnone size-medium wp-image-5821\" src=\"https:\/\/www.radiolimari.cl\/wp-content\/uploads\/2021\/09\/15.9-sernameg-300x224.jpg\" alt=\"15.9 sernameg\" width=\"300\" height=\"224\" srcset=\"https:\/\/www.radiolimari.cl\/wp-content\/uploads\/2021\/09\/15.9-sernameg-300x224.jpg 300w, https:\/\/www.radiolimari.cl\/wp-content\/uploads\/2021\/09\/15.9-sernameg-1024x766.jpg 1024w, https:\/\/www.radiolimari.cl\/wp-content\/uploads\/2021\/09\/15.9-sernameg.jpg 1280w\" sizes=\"(max-width: 300px) 100vw, 300px\" \/><\/a><\/p>\n<p><em>El llamado busca que hombres y mujeres se dividan las tareas dom\u00e9sticas\u00a0 durante fiestas patrias<\/em><!--more--><\/p>\n<p>Un llamado a las tareas compartidas en el hogar durante fiestas patrias est\u00e1 realizando el Ministerio dela Mujer y la Equidad de G\u00e9nero. Esta iniciativa busca que las familias dividan las tareas del hogar y el cuidado de los hijos\u00a0 entre hombres y mujeres para que todo el grupo familiar pueda disfrutar durante\u00a0 las Fiestas Patrias<\/p>\n<p>La corresponsabilidad familiar en las tareas dom\u00e9sticas es fundamental para la equidad del trabajo dom\u00e9stico, as\u00ed lo coment\u00f3 la seremi de la Mujer, Iv\u00f3n Guerra, <strong>\u201cesta es una campa\u00f1a que promovemos todos los a\u00f1os en este tipo de fechas. Nuestro Gobierno y Ministerio de la Mujer \u00a0tiene un firme compromiso con promover una cultura y una sociedad de corresponsabilidad en todos los \u00e1mbitos de la sociedad, sobre todo en aquellos espacios relacionados a las responsabilidades familiares y dom\u00e9sticas. Las Fiestas Patrias han sido hist\u00f3ricamente una fecha de celebraci\u00f3n, de reuni\u00f3n y de fiesta, pero queremos que toda la familia pueda disfrutar con la responsabilidad y autocuidado que nos depara esta pandemia\u201d<\/strong><\/p>\n<p>Por su parte, la Directora Regional del Servicio Nacional de la Mujer y la Equidad de G\u00e9nero (SernamEG), Mar\u00eda Soledad Rojas Pinto, destac\u00f3 \u201c<strong>Nuestro prop\u00f3sito es que avancemos en una cultura de corresponsabilidad para aspirar a una sociedad integral, donde mujeres y hombres tengan no s\u00f3lo los mismos derechos y oportunidades, sino tambi\u00e9n las mismas responsabilidades\u201d. <\/strong><\/p>\n<p>La autoridad, aprovech\u00f3 la instancia para reforzar los dispositivos de orientaci\u00f3n en violencia contra las mujeres. <strong>\u201cLa violencia no tiene temporalidad y es por eso que cualquier ocasi\u00f3n se torna en una valiosa oportunidad para recordar que necesitamos del compromiso de toda la sociedad en el desaf\u00edo de un pa\u00eds sin violencia de g\u00e9nero. Si eres v\u00edctima o testigo\u00a0 de alg\u00fan hecho de maltrato, cont\u00e1ctate a nuestro Fono Orientaci\u00f3n 1455, o al\u00a0 WhatsApp +569 9700 7000, canales de atenci\u00f3n gratuitos y disponibles 24\/7. No est\u00e1s sola\u201d.<\/strong><\/p>\n<p>Finalmente, la seremi, Iv\u00f3n Guerra, agreg\u00f3<strong>, \u201clas mujeres tambi\u00e9n pueden estar en la parrilla y los hombres lavar la loza por ejemplo. El objetivo es que nos dividamos las tareas dom\u00e9sticas sin estereotipos, donde todos aportemos sin sesgos de g\u00e9nero\u201d, <\/strong>puntualiz\u00f3 la autoridad<\/p>\n<p><strong>Datos<\/strong><\/p>\n<p>Seg\u00fan datos encuesta de empleo del Centro de Encuestas y Estudios Longitudinales de este a\u00f1o, cerca del 38% de los hombres destin\u00f3 0 horas a la semana en actividades como cocinar, limpiar o lavar ropa. Mientras que las mujeres dedicaron 9 horas semanales m\u00e1s que los hombres a tareas dom\u00e9sticas, durante la \u00faltima semana de julio.<\/p>\n<p>Antes de la pandemia, datos del INE arrojaban que la preparaci\u00f3n de comidas es una tarea que usualmente es realizada por las mujeres, con un 59% a diferencia de los hombres (41%). Mientras que el aseo de la casa es una tarea mayormente realizada por mujeres con 57%, mientras que los hombres solo representan un 43%.<\/p>\n<p>&nbsp;<\/p>\n","protected":false},"excerpt":{"rendered":"<p>El llamado busca que hombres y mujeres se dividan las tareas dom\u00e9sticas\u00a0 durante fiestas patrias<\/p>\n","protected":false},"author":2,"featured_media":5821,"comment_status":"open","ping_status":"open","sticky":false,"template":"","format":"standard","meta":{"footnotes":""},"categories":[3],"tags":[],"class_list":["post-5820","post","type-post","status-publish","format-standard","has-post-thumbnail","hentry","category-actualidad"],"_links":{"self":[{"href":"https:\/\/www.radiolimari.cl\/index.php?rest_route=\/wp\/v2\/posts\/5820","targetHints":{"allow":["GET"]}}],"collection":[{"href":"https:\/\/www.radiolimari.cl\/index.php?rest_route=\/wp\/v2\/posts"}],"about":[{"href":"https:\/\/www.radiolimari.cl\/index.php?rest_route=\/wp\/v2\/types\/post"}],"author":[{"embeddable":true,"href":"https:\/\/www.radiolimari.cl\/index.php?rest_route=\/wp\/v2\/users\/2"}],"replies":[{"embeddable":true,"href":"https:\/\/www.radiolimari.cl\/index.php?rest_route=%2Fwp%2Fv2%2Fcomments&post=5820"}],"version-history":[{"count":2,"href":"https:\/\/www.radiolimari.cl\/index.php?rest_route=\/wp\/v2\/posts\/5820\/revisions"}],"predecessor-version":[{"id":5823,"href":"https:\/\/www.radiolimari.cl\/index.php?rest_route=\/wp\/v2\/posts\/5820\/revisions\/5823"}],"wp:featuredmedia":[{"embeddable":true,"href":"https:\/\/www.radiolimari.cl\/index.php?rest_route=\/wp\/v2\/media\/5821"}],"wp:attachment":[{"href":"https:\/\/www.radiolimari.cl\/index.php?rest_route=%2Fwp%2Fv2%2Fmedia&parent=5820"}],"wp:term":[{"taxonomy":"category","embeddable":true,"href":"https:\/\/www.radiolimari.cl\/index.php?rest_route=%2Fwp%2Fv2%2Fcategories&post=5820"},{"taxonomy":"post_tag","embeddable":true,"href":"https:\/\/www.radiolimari.cl\/index.php?rest_route=%2Fwp%2Fv2%2Ftags&post=5820"}],"curies":[{"name":"wp","href":"https:\/\/api.w.org\/{rel}","templated":true}]}}