{"id":5808,"date":"2021-09-13T18:27:30","date_gmt":"2021-09-13T18:27:30","guid":{"rendered":"http:\/\/www.radiolimari.cl\/?p=5808"},"modified":"2021-09-13T18:27:30","modified_gmt":"2021-09-13T18:27:30","slug":"pdi-incauta-arsenal-de-armas-y-municiones-de-diverso-calibre-que-estaba-a-la-venta-en-la-serena","status":"publish","type":"post","link":"https:\/\/www.radiolimari.cl\/?p=5808","title":{"rendered":"PDI incauta arsenal de armas y municiones de diverso calibre que estaba a la venta en La Serena"},"content":{"rendered":"<p><a href=\"https:\/\/www.radiolimari.cl\/wp-content\/uploads\/2021\/09\/13.9-revolver-arsenal.png\"><img fetchpriority=\"high\" decoding=\"async\" class=\"alignnone size-medium wp-image-5809\" src=\"https:\/\/www.radiolimari.cl\/wp-content\/uploads\/2021\/09\/13.9-revolver-arsenal-300x186.png\" alt=\"13.9 revolver arsenal\" width=\"300\" height=\"186\" srcset=\"https:\/\/www.radiolimari.cl\/wp-content\/uploads\/2021\/09\/13.9-revolver-arsenal-300x186.png 300w, https:\/\/www.radiolimari.cl\/wp-content\/uploads\/2021\/09\/13.9-revolver-arsenal.png 694w\" sizes=\"(max-width: 300px) 100vw, 300px\" \/><\/a><\/p>\n<p>Detectives de la Brigada Investigadora de Robos La Serena, realiz\u00f3 el trabajo de an\u00e1lisis criminal e inteligencia policial en conjunto con la Fiscal\u00eda de Focos, logrando la detenci\u00f3n de un imputado por el tr\u00e1fico y tenencia ilegal de armamento y municiones.<!--more--><\/p>\n<p>Dentro del trabajo planificado por la PDI para unas Fiestas Patrias m\u00e1s seguras, la Brigada Investigadora de Robos La Serena logr\u00f3 desarticular un arsenal con armas de fuego y municiones de diverso calibre, en conjunto con la Unidad de An\u00e1lisis Criminal y Focos Investigativos del Ministerio P\u00fablico.<\/p>\n<p>Los detectives llegaron hasta una parcela, ubicada en el sector de la Ruta 5 Norte, en la comuna de La Serena, con una orden judicial para la entrada y registro en el domicilio que se estableci\u00f3 como el lugar donde se encontraba el armamento.<\/p>\n<p><strong><em>\u201cRealizamos la investigaci\u00f3n asociada a un imputado por el delito de tr\u00e1fico de armas de fuego y, en un inmueble, logramos incautar 2 escopetas, un rifle, 2 carabinas, 2 rev\u00f3lveres, adem\u00e1s de una serie de municiones de diverso calibre. De esta forma, procedimos a la detenci\u00f3n inmediata del imputado en flagrancia\u201d<\/em><\/strong>, se\u00f1al\u00f3 Dionel Alfaro, jefe (s) de la Brigada Investigadora de Robos La Serena.<\/p>\n<p>Antecedentes que fueron entregados al Ministerio P\u00fablico para su control de detenci\u00f3n y formalizaci\u00f3n de los cargos en contra del imputado, mayor de edad. <strong><em>\u201cLa investigaci\u00f3n se inici\u00f3 por unas publicaciones en redes sociales, donde ofrec\u00eda a la venta municiones para armas de fuego. Una vez identificado, se realiz\u00f3 el procedimiento policial en el domicilio, donde se encontr\u00f3 una serie de armas y municiones, sin autorizaci\u00f3n para tenerlas\u201d<\/em><\/strong>, se\u00f1al\u00f3 el Fiscal de Focos Armas, Freddy Salinas.<\/p>\n<p>Con las evidencias en contra del imputado, se realiz\u00f3 la formalizaci\u00f3n por el delito de tr\u00e1fico y tenencia ilegal de armas de fuego y municiones, por lo que el juzgado de Garant\u00eda de La Serena otorg\u00f3 90 d\u00edas para desarrollar la investigaci\u00f3n y el individuo qued\u00f3 en prisi\u00f3n preventiva, al considerar su libertad como un peligro para la sociedad.<\/p>\n<p>&nbsp;<\/p>\n<p>&nbsp;<\/p>\n","protected":false},"excerpt":{"rendered":"<p>Detectives de la Brigada Investigadora de Robos La Serena, realiz\u00f3 el trabajo de an\u00e1lisis criminal e inteligencia policial en conjunto con la Fiscal\u00eda de Focos, logrando la detenci\u00f3n de un imputado por el tr\u00e1fico y tenencia ilegal de armamento y municiones.<\/p>\n","protected":false},"author":2,"featured_media":5809,"comment_status":"open","ping_status":"open","sticky":false,"template":"","format":"standard","meta":{"footnotes":""},"categories":[6],"tags":[],"class_list":["post-5808","post","type-post","status-publish","format-standard","has-post-thumbnail","hentry","category-regionales"],"_links":{"self":[{"href":"https:\/\/www.radiolimari.cl\/index.php?rest_route=\/wp\/v2\/posts\/5808","targetHints":{"allow":["GET"]}}],"collection":[{"href":"https:\/\/www.radiolimari.cl\/index.php?rest_route=\/wp\/v2\/posts"}],"about":[{"href":"https:\/\/www.radiolimari.cl\/index.php?rest_route=\/wp\/v2\/types\/post"}],"author":[{"embeddable":true,"href":"https:\/\/www.radiolimari.cl\/index.php?rest_route=\/wp\/v2\/users\/2"}],"replies":[{"embeddable":true,"href":"https:\/\/www.radiolimari.cl\/index.php?rest_route=%2Fwp%2Fv2%2Fcomments&post=5808"}],"version-history":[{"count":1,"href":"https:\/\/www.radiolimari.cl\/index.php?rest_route=\/wp\/v2\/posts\/5808\/revisions"}],"predecessor-version":[{"id":5810,"href":"https:\/\/www.radiolimari.cl\/index.php?rest_route=\/wp\/v2\/posts\/5808\/revisions\/5810"}],"wp:featuredmedia":[{"embeddable":true,"href":"https:\/\/www.radiolimari.cl\/index.php?rest_route=\/wp\/v2\/media\/5809"}],"wp:attachment":[{"href":"https:\/\/www.radiolimari.cl\/index.php?rest_route=%2Fwp%2Fv2%2Fmedia&parent=5808"}],"wp:term":[{"taxonomy":"category","embeddable":true,"href":"https:\/\/www.radiolimari.cl\/index.php?rest_route=%2Fwp%2Fv2%2Fcategories&post=5808"},{"taxonomy":"post_tag","embeddable":true,"href":"https:\/\/www.radiolimari.cl\/index.php?rest_route=%2Fwp%2Fv2%2Ftags&post=5808"}],"curies":[{"name":"wp","href":"https:\/\/api.w.org\/{rel}","templated":true}]}}