{"id":5805,"date":"2021-09-13T18:20:04","date_gmt":"2021-09-13T18:20:04","guid":{"rendered":"http:\/\/www.radiolimari.cl\/?p=5805"},"modified":"2021-09-13T18:20:04","modified_gmt":"2021-09-13T18:20:04","slug":"municipio-instalara-150-contenedores-de-botellas-plasticas-en-la-zona-rural","status":"publish","type":"post","link":"https:\/\/www.radiolimari.cl\/?p=5805","title":{"rendered":"Municipio instalar\u00e1 150 contenedores de botellas pl\u00e1sticas en la zona rural"},"content":{"rendered":"<p><a href=\"https:\/\/www.radiolimari.cl\/wp-content\/uploads\/2021\/09\/13.9-ovalle-Reciclaje-de-botellas-PET.jpg\"><img fetchpriority=\"high\" decoding=\"async\" class=\"alignnone size-medium wp-image-5806\" src=\"https:\/\/www.radiolimari.cl\/wp-content\/uploads\/2021\/09\/13.9-ovalle-Reciclaje-de-botellas-PET-300x199.jpg\" alt=\"13.9 ovalle Reciclaje de botellas PET\" width=\"300\" height=\"199\" srcset=\"https:\/\/www.radiolimari.cl\/wp-content\/uploads\/2021\/09\/13.9-ovalle-Reciclaje-de-botellas-PET-300x199.jpg 300w, https:\/\/www.radiolimari.cl\/wp-content\/uploads\/2021\/09\/13.9-ovalle-Reciclaje-de-botellas-PET-1024x682.jpg 1024w, https:\/\/www.radiolimari.cl\/wp-content\/uploads\/2021\/09\/13.9-ovalle-Reciclaje-de-botellas-PET.jpg 2048w\" sizes=\"(max-width: 300px) 100vw, 300px\" \/><\/a><\/p>\n<p><strong><em>El Concejo Municipal aprob\u00f3 la adquisici\u00f3n de dep\u00f3sitos de botellas PET que ser\u00e1n destinados a diversas localidades rurales de la comuna, los cuales se suman a los 104, que se encuentran en plazas y en espacios de alta concurrencia en la zona urbana de Ovalle. <\/em><\/strong><!--more--><\/p>\n<p>El reciclaje es una conducta que d\u00eda a d\u00eda suma m\u00e1s adeptos en Ovalle. Es por esta raz\u00f3n, que el municipio local instalar\u00e1 150 contenedores de botellas pl\u00e1sticas (PET) en la zona rural de la comuna, gracias a la aprobaci\u00f3n que recibi\u00f3 esta propuesta por parte de los ocho integrantes del Concejo Municipal.<\/p>\n<p>Adultos y ni\u00f1os se han familiarizado con estos cub\u00edculos y depositan diariamente este material en los 104 puntos, que se encuentran distribuidos en la plaza de armas, alameda y en general en los espacios p\u00fablicos de las zonas residenciales de la capital limarina, y ahora se sumar\u00e1n localidades como Sotaqui, Limar\u00ed, El Trapiche, Huamalata, Las Mollacas, entre otros sectores.<\/p>\n<p>Se trata de una inversi\u00f3n de $33.915.000 que fue adjudicada a la empresa C y M Limitada, entidad que en los pr\u00f3ximos d\u00edas har\u00e1 entrega de estos contenedores al municipio de Ovalle, para, posteriormente, destinarlos a los puntos estrat\u00e9gicos, que est\u00e1n definidos por el departamento de Medio Ambiente. \u201cLa adquisici\u00f3n de estos nuevos contenedores nos va a permitir ampliar el reciclaje de botellas pl\u00e1sticas al sector rural, que era un compromiso que ten\u00edamos con nuestros vecinos. Nuestra idea, en el corto plazo, es ampliar tambi\u00e9n a las localidades rurales la instalaci\u00f3n de campanas para potenciar el reciclaje de vidrio y evitar que este material ensucie nuestros espacios de recreaci\u00f3n\u201d indic\u00f3 el alcalde de Ovalle, Claudio Renter\u00eda.<\/p>\n<p>El reciclaje de botellas PET se inici\u00f3 en Ovalle de forma masiva en el a\u00f1o 2017 y \u201ces muy importante que m\u00e1s sectores se sumen porque, actualmente, se alcanzan los 4 mil kilos mensuales y estos nuevos puntos nos permitir\u00e1 aumentar el \u00e1rea de cobertura, por lo que visualizamos que tendremos un aumento en la recepci\u00f3n de este material, de al menos 150%. Lo bueno, es que estas botellas PET no ir\u00e1n al vertedero, con lo cual estaremos contribuyendo con el medio ambiente\u201d agreg\u00f3 Pizarro.<\/p>\n<p>Las botellas PET que son depositadas en los \u201cpuntos verdes\u201d son retiradas por funcionarios municipales del departamento de Medio Ambiente y llevadas a un centro de acopio, donde se separan por color, se limpian, y se les saca la tapa de acuerdo a las peticiones de las respectivas empresas compradoras. Luego, se compactan y los recicladores de base de la Agrupaci\u00f3n Limar\u00ed Recicla las comercializan y adquieren estos recursos para su beneficio.<\/p>\n<p>Es importante recalcar que en estos contenedores no se debe depositar envases de detergente, shampoo, productos de aseo, yogurt y aceite.<\/p>\n<p>&nbsp;<\/p>\n<p>&nbsp;<\/p>\n","protected":false},"excerpt":{"rendered":"<p>El Concejo Municipal aprob\u00f3 la adquisici\u00f3n de dep\u00f3sitos de botellas PET que ser\u00e1n destinados a diversas localidades rurales de la comuna, los cuales se suman a los 104, que se encuentran en plazas y en espacios de alta concurrencia en la zona urbana de Ovalle.<\/p>\n","protected":false},"author":2,"featured_media":5806,"comment_status":"open","ping_status":"open","sticky":false,"template":"","format":"standard","meta":{"footnotes":""},"categories":[5],"tags":[],"class_list":["post-5805","post","type-post","status-publish","format-standard","has-post-thumbnail","hentry","category-actualidad-limarina"],"_links":{"self":[{"href":"https:\/\/www.radiolimari.cl\/index.php?rest_route=\/wp\/v2\/posts\/5805","targetHints":{"allow":["GET"]}}],"collection":[{"href":"https:\/\/www.radiolimari.cl\/index.php?rest_route=\/wp\/v2\/posts"}],"about":[{"href":"https:\/\/www.radiolimari.cl\/index.php?rest_route=\/wp\/v2\/types\/post"}],"author":[{"embeddable":true,"href":"https:\/\/www.radiolimari.cl\/index.php?rest_route=\/wp\/v2\/users\/2"}],"replies":[{"embeddable":true,"href":"https:\/\/www.radiolimari.cl\/index.php?rest_route=%2Fwp%2Fv2%2Fcomments&post=5805"}],"version-history":[{"count":1,"href":"https:\/\/www.radiolimari.cl\/index.php?rest_route=\/wp\/v2\/posts\/5805\/revisions"}],"predecessor-version":[{"id":5807,"href":"https:\/\/www.radiolimari.cl\/index.php?rest_route=\/wp\/v2\/posts\/5805\/revisions\/5807"}],"wp:featuredmedia":[{"embeddable":true,"href":"https:\/\/www.radiolimari.cl\/index.php?rest_route=\/wp\/v2\/media\/5806"}],"wp:attachment":[{"href":"https:\/\/www.radiolimari.cl\/index.php?rest_route=%2Fwp%2Fv2%2Fmedia&parent=5805"}],"wp:term":[{"taxonomy":"category","embeddable":true,"href":"https:\/\/www.radiolimari.cl\/index.php?rest_route=%2Fwp%2Fv2%2Fcategories&post=5805"},{"taxonomy":"post_tag","embeddable":true,"href":"https:\/\/www.radiolimari.cl\/index.php?rest_route=%2Fwp%2Fv2%2Ftags&post=5805"}],"curies":[{"name":"wp","href":"https:\/\/api.w.org\/{rel}","templated":true}]}}