{"id":5799,"date":"2021-09-13T16:55:51","date_gmt":"2021-09-13T16:55:51","guid":{"rendered":"http:\/\/www.radiolimari.cl\/?p=5799"},"modified":"2021-09-13T16:55:51","modified_gmt":"2021-09-13T16:55:51","slug":"aguas-del-valle-prepara-plan-especial-para-fiestas-patrias-y-llama-al-consumo-responsable","status":"publish","type":"post","link":"https:\/\/www.radiolimari.cl\/?p=5799","title":{"rendered":"Aguas del Valle prepara plan especial para Fiestas Patrias y llama al consumo responsable"},"content":{"rendered":"<p><a href=\"https:\/\/www.radiolimari.cl\/wp-content\/uploads\/2021\/09\/13.9-aguas-del-valle-Fiestas-Patrias-2.jpeg\"><img fetchpriority=\"high\" decoding=\"async\" class=\"alignnone size-medium wp-image-5800\" src=\"https:\/\/www.radiolimari.cl\/wp-content\/uploads\/2021\/09\/13.9-aguas-del-valle-Fiestas-Patrias-2-300x225.jpeg\" alt=\"13.9 aguas del valle Fiestas Patrias (2)\" width=\"300\" height=\"225\" srcset=\"https:\/\/www.radiolimari.cl\/wp-content\/uploads\/2021\/09\/13.9-aguas-del-valle-Fiestas-Patrias-2-300x225.jpeg 300w, https:\/\/www.radiolimari.cl\/wp-content\/uploads\/2021\/09\/13.9-aguas-del-valle-Fiestas-Patrias-2-1024x768.jpeg 1024w, https:\/\/www.radiolimari.cl\/wp-content\/uploads\/2021\/09\/13.9-aguas-del-valle-Fiestas-Patrias-2.jpeg 1280w\" sizes=\"(max-width: 300px) 100vw, 300px\" \/><\/a><\/p>\n<p>Sanitaria reforzar\u00e1 su operaci\u00f3n para enfrentar la llegada de m\u00e1s de 45 mil turistas durante el fin de semana. Se proyecta un incremento promedio del 22% en el consumo de agua potable en algunas zonas tur\u00edsticas de la regi\u00f3n.<\/p>\n<p><!--more--><\/p>\n<p>Ante el importante n\u00famero de visitantes que se proyecta arribe a la Regi\u00f3n de Coquimbo durante Fiestas Patrias, el gerente regional de Aguas del Valle, Andr\u00e9s Nazer, adelant\u00f3 que la sanitaria reforzar\u00e1 su operaci\u00f3n para responder al aumento en el consumo de agua potable en estas fechas.<\/p>\n<p>\u201cCon gran parte de las comunas en fase 4, proyectamos que se generar\u00e1 una afluencia de turistas similar a la de un a\u00f1o sin pandemia, principalmente en las zonas tur\u00edsticas de la regi\u00f3n como el Valle de Elqui, las localidades de Tongoy y Guanaqueros y Los Vilos, lugares que tradicionalmente aumentan su poblaci\u00f3n flotante durante estas fechas. Por ello, calculamos un 22% de incremento en el consumo de agua potable respecto del promedio anual en dichas localidades. En cuanto a nuestra producci\u00f3n, durante el fin de semana largo prevemos que aumentar\u00e1 en 13.500 metros c\u00fabicos, es decir 13,5 millones de litros, destinados a contar con el respaldo suficiente para el consumo de la poblaci\u00f3n\u201d, se\u00f1al\u00f3.<\/p>\n<p>El ejecutivo detall\u00f3 que se dispondr\u00e1 de un plan de contingencia, que considera entre otras acciones la revisi\u00f3n extraordinaria de instalaciones y redes; la mantenci\u00f3n preventiva de equipos de bombeo de agua potable; la coordinaci\u00f3n permanente con el Centro de Control de Operaciones; el refuerzo de turnos; y la realizaci\u00f3n de controles espec\u00edficos para monitorear niveles y demandas.<\/p>\n<p>Adicionalmente, se intensificar\u00e1 la mantenci\u00f3n de los ductos de aguas servidas, pues se proyecta que el volumen de descarga al alcantarillado se incrementar\u00e1 en las localidades de mayor afluencia de turistas en cerca de 10,8 millones de litros durante los 3 d\u00edas de festividades, lo que significa alrededor de 50 litros por segundo m\u00e1s que en el resto del a\u00f1o.<\/p>\n<p><strong>Llamado al consumo responsable de agua y buen uso del alcantarillado<\/strong><\/p>\n<p>La sanitaria hizo un especial llamado al uso racional del recurso h\u00eddrico, pues la situaci\u00f3n h\u00eddrica de la regi\u00f3n sigue siendo cr\u00edtica. \u201cEstamos enfrentando una megasequ\u00eda y es fundamental que tanto turistas como residentes, hagamos un uso moderado del agua, pues en este momento cada gota cuenta. Tenemos un d\u00e9ficit promedio regional de agua ca\u00edda de un 81%\u201d, indic\u00f3.<\/p>\n<p>Sobre el estado de los embalses, Nazer detall\u00f3 que Puclaro se encuentra 91,6 millones de m3 acumulados, lo que representa s\u00f3lo un 44% de su capacidad. En Choapa, El Bato se encuentra en un 9%; y en Limar\u00ed, La Paloma no supera una cuarta parte de su capacidad total, con un 24%.<\/p>\n<p>El ejecutivo reiter\u00f3 el llamado a la comunidad a hacer un uso racional del recurso. \u201cEn las zonas urbanas, a veces no nos damos cuenta de la magnitud de la sequ\u00eda, porque abrimos la llave y el agua sigue saliendo con normalidad. Debemos evitar el lavado de veh\u00edculos, el riego durante el d\u00eda o tomar duchas largas, ya que la situaci\u00f3n es realmente cr\u00edtica y hoy no nos sobra ninguna sola gota\u201d, coment\u00f3.<\/p>\n<p>Finalmente, Nazer recalc\u00f3 que es fundamental que en los hogares y restaurantes se haga un uso correcto tambi\u00e9n del alcantarillado, que no est\u00e1 preparado para recibir aceites o restos de grasa por el lavaplatos; basura como pa\u00f1ales, restos de comida, bolsas pl\u00e1sticas y otros desechos como hojas.<\/p>\n","protected":false},"excerpt":{"rendered":"<p>Sanitaria reforzar\u00e1 su operaci\u00f3n para enfrentar la llegada de m\u00e1s de 45 mil turistas durante el fin de semana. Se proyecta un incremento promedio del 22% en el consumo de agua potable en algunas zonas tur\u00edsticas de la regi\u00f3n.<\/p>\n","protected":false},"author":2,"featured_media":5800,"comment_status":"open","ping_status":"open","sticky":false,"template":"","format":"standard","meta":{"footnotes":""},"categories":[3],"tags":[],"class_list":["post-5799","post","type-post","status-publish","format-standard","has-post-thumbnail","hentry","category-actualidad"],"_links":{"self":[{"href":"https:\/\/www.radiolimari.cl\/index.php?rest_route=\/wp\/v2\/posts\/5799","targetHints":{"allow":["GET"]}}],"collection":[{"href":"https:\/\/www.radiolimari.cl\/index.php?rest_route=\/wp\/v2\/posts"}],"about":[{"href":"https:\/\/www.radiolimari.cl\/index.php?rest_route=\/wp\/v2\/types\/post"}],"author":[{"embeddable":true,"href":"https:\/\/www.radiolimari.cl\/index.php?rest_route=\/wp\/v2\/users\/2"}],"replies":[{"embeddable":true,"href":"https:\/\/www.radiolimari.cl\/index.php?rest_route=%2Fwp%2Fv2%2Fcomments&post=5799"}],"version-history":[{"count":1,"href":"https:\/\/www.radiolimari.cl\/index.php?rest_route=\/wp\/v2\/posts\/5799\/revisions"}],"predecessor-version":[{"id":5801,"href":"https:\/\/www.radiolimari.cl\/index.php?rest_route=\/wp\/v2\/posts\/5799\/revisions\/5801"}],"wp:featuredmedia":[{"embeddable":true,"href":"https:\/\/www.radiolimari.cl\/index.php?rest_route=\/wp\/v2\/media\/5800"}],"wp:attachment":[{"href":"https:\/\/www.radiolimari.cl\/index.php?rest_route=%2Fwp%2Fv2%2Fmedia&parent=5799"}],"wp:term":[{"taxonomy":"category","embeddable":true,"href":"https:\/\/www.radiolimari.cl\/index.php?rest_route=%2Fwp%2Fv2%2Fcategories&post=5799"},{"taxonomy":"post_tag","embeddable":true,"href":"https:\/\/www.radiolimari.cl\/index.php?rest_route=%2Fwp%2Fv2%2Ftags&post=5799"}],"curies":[{"name":"wp","href":"https:\/\/api.w.org\/{rel}","templated":true}]}}