{"id":5796,"date":"2021-09-13T16:47:50","date_gmt":"2021-09-13T16:47:50","guid":{"rendered":"http:\/\/www.radiolimari.cl\/?p=5796"},"modified":"2021-09-13T16:48:23","modified_gmt":"2021-09-13T16:48:23","slug":"desarrollo-social-y-familia-junto-a-fosis-incentivan-la-auto-provision-de-alimentos-en-familias-de-la-region","status":"publish","type":"post","link":"https:\/\/www.radiolimari.cl\/?p=5796","title":{"rendered":"Desarrollo Social y Familia junto a FOSIS incentivan la auto provisi\u00f3n de alimentos en familias de la regi\u00f3n"},"content":{"rendered":"<p><a href=\"https:\/\/www.radiolimari.cl\/wp-content\/uploads\/2021\/09\/13.9-fosis-monte-2021-2.jpg\"><img fetchpriority=\"high\" decoding=\"async\" class=\"alignnone size-medium wp-image-5797\" src=\"https:\/\/www.radiolimari.cl\/wp-content\/uploads\/2021\/09\/13.9-fosis-monte-2021-2-300x225.jpg\" alt=\"13.9 fosis monte 2021 2\" width=\"300\" height=\"225\" srcset=\"https:\/\/www.radiolimari.cl\/wp-content\/uploads\/2021\/09\/13.9-fosis-monte-2021-2-300x225.jpg 300w, https:\/\/www.radiolimari.cl\/wp-content\/uploads\/2021\/09\/13.9-fosis-monte-2021-2-1024x768.jpg 1024w, https:\/\/www.radiolimari.cl\/wp-content\/uploads\/2021\/09\/13.9-fosis-monte-2021-2.jpg 1600w\" sizes=\"(max-width: 300px) 100vw, 300px\" \/><\/a><\/p>\n<p>Se trata del programa Autoconsumo, que se enfoca en contribuir al fortalecimiento de h\u00e1bitos de alimentaci\u00f3n saludable en las familias v de la regi\u00f3n de Coquimbo.<!--more--><\/p>\n<p>Hornos de barro, gallineros, mesas de cultivo, invernaderos, entre otros, son algunos de los insumos que el Ministerio de Desarrollo Social y Familia junto al FOSIS entregan a las familias beneficiarias del programa Autoconsumo, iniciativa que adem\u00e1s contempla una serie de talleres relacionados a la alimentaci\u00f3n saludable y como utilizar los recursos entregados para generar sus propios alimentos.<\/p>\n<p>En la regi\u00f3n de Coquimbo son 247 familias las que forman parte del programa, para las cuales se destin\u00f3 una inversi\u00f3n de m\u00e1s de 149 millones de pesos entre insumos y capacitaci\u00f3n.<\/p>\n<p>Ana Barrios reside en la comuna Monte Patria y fue parte del programa; al respecto se\u00f1al\u00f3 que \u201ca m\u00ed me ha parecido super bueno el programa, estoy muy contenta porque con mis gallinas he podido vender huevos y as\u00ed seguir adelante con ellas y tengo lechugas que me est\u00e1n saliendo, or\u00e9gano, cosas as\u00ed y estoy muy contenta con la iniciativa\u201d.<\/p>\n<p>Sobre el programa, la Directora Regional del FOSIS, Loreto Molina, sostuvo que \u201clo que busca esta iniciativa es que las personas puedan mejorar la ingesta de los productos, de sus alimentos y que tambi\u00e9n puedan generar un ahorro dado que se produce esta alimentaci\u00f3n en su hogar, as\u00ed muchas personas que han participado en este programa han ido generando emprendimientos con la misma producci\u00f3n que se genera as\u00ed que estamos muy contentos con los resultados del programa\u201d.<\/p>\n<p>El objetivo del programa Autoconsumo es contribuir a la adquisici\u00f3n y fortalecimiento de h\u00e1bitos de alimentaci\u00f3n y estilos de vida saludables, a trav\u00e9s de la auto provisi\u00f3n de alimentos que complementen las necesidades alimentarias de las familias, mejorando las condiciones de vida de los beneficiados.<\/p>\n<p>Por su parte, el Seremi de Desarrollo Social y Familia, Marcelo Telias, apunt\u00f3 que \u201cel Programa Autoconsumo es parte de nuestro Ministerio en una labor conjunta con FOSIS\u00a0con el objetivo de apoyar a las familias para que creen sus propios m\u00e9todos de trabajo, obteniendo alimentos en su hogar con t\u00e9cnicas de cultivo que pueden ser implementadas en familia y fortaleciendo el consumo de productos saludables, lo que tambi\u00e9n est\u00e1 ligado a nuestro Sistema Elige Vivir Sano\u201d.<\/p>\n<p>En cuanto a los talleres, se realizan con el fin de fortalecer las competencias que permitan a las familias implementar adecuadamente sus iniciativas de producci\u00f3n familiar y ense\u00f1arles que con la auto provisi\u00f3n de alimentos pueden colaborar con la econom\u00eda familiar al reducir los gastos relacionados a la alimentaci\u00f3n.<\/p>\n<p>&nbsp;<\/p>\n<p>&nbsp;<\/p>\n","protected":false},"excerpt":{"rendered":"<p>Se trata del programa Autoconsumo, que se enfoca en contribuir al fortalecimiento de h\u00e1bitos de alimentaci\u00f3n saludable en las familias v de la regi\u00f3n de Coquimbo.<\/p>\n","protected":false},"author":2,"featured_media":5797,"comment_status":"open","ping_status":"open","sticky":false,"template":"","format":"standard","meta":{"footnotes":""},"categories":[3],"tags":[],"class_list":["post-5796","post","type-post","status-publish","format-standard","has-post-thumbnail","hentry","category-actualidad"],"_links":{"self":[{"href":"https:\/\/www.radiolimari.cl\/index.php?rest_route=\/wp\/v2\/posts\/5796","targetHints":{"allow":["GET"]}}],"collection":[{"href":"https:\/\/www.radiolimari.cl\/index.php?rest_route=\/wp\/v2\/posts"}],"about":[{"href":"https:\/\/www.radiolimari.cl\/index.php?rest_route=\/wp\/v2\/types\/post"}],"author":[{"embeddable":true,"href":"https:\/\/www.radiolimari.cl\/index.php?rest_route=\/wp\/v2\/users\/2"}],"replies":[{"embeddable":true,"href":"https:\/\/www.radiolimari.cl\/index.php?rest_route=%2Fwp%2Fv2%2Fcomments&post=5796"}],"version-history":[{"count":1,"href":"https:\/\/www.radiolimari.cl\/index.php?rest_route=\/wp\/v2\/posts\/5796\/revisions"}],"predecessor-version":[{"id":5798,"href":"https:\/\/www.radiolimari.cl\/index.php?rest_route=\/wp\/v2\/posts\/5796\/revisions\/5798"}],"wp:featuredmedia":[{"embeddable":true,"href":"https:\/\/www.radiolimari.cl\/index.php?rest_route=\/wp\/v2\/media\/5797"}],"wp:attachment":[{"href":"https:\/\/www.radiolimari.cl\/index.php?rest_route=%2Fwp%2Fv2%2Fmedia&parent=5796"}],"wp:term":[{"taxonomy":"category","embeddable":true,"href":"https:\/\/www.radiolimari.cl\/index.php?rest_route=%2Fwp%2Fv2%2Fcategories&post=5796"},{"taxonomy":"post_tag","embeddable":true,"href":"https:\/\/www.radiolimari.cl\/index.php?rest_route=%2Fwp%2Fv2%2Ftags&post=5796"}],"curies":[{"name":"wp","href":"https:\/\/api.w.org\/{rel}","templated":true}]}}