{"id":5793,"date":"2021-09-13T15:08:42","date_gmt":"2021-09-13T15:08:42","guid":{"rendered":"http:\/\/www.radiolimari.cl\/?p=5793"},"modified":"2021-09-13T15:08:42","modified_gmt":"2021-09-13T15:08:42","slug":"desde-la-junji-coquimbo-entregan-consejos-para-cuidar-la-alimentacion-de-ninos-y-ninas-durante-fiestas-patria","status":"publish","type":"post","link":"https:\/\/www.radiolimari.cl\/?p=5793","title":{"rendered":"Desde la Junji Coquimbo Entregan consejos para cuidar la alimentaci\u00f3n de ni\u00f1os y ni\u00f1as durante fiestas patria"},"content":{"rendered":"<p><a href=\"https:\/\/www.radiolimari.cl\/wp-content\/uploads\/2021\/09\/13.9-junji.jpg\"><img fetchpriority=\"high\" decoding=\"async\" class=\"alignnone size-medium wp-image-5794\" src=\"https:\/\/www.radiolimari.cl\/wp-content\/uploads\/2021\/09\/13.9-junji-300x168.jpg\" alt=\"13.9 junji\" width=\"300\" height=\"168\" srcset=\"https:\/\/www.radiolimari.cl\/wp-content\/uploads\/2021\/09\/13.9-junji-300x168.jpg 300w, https:\/\/www.radiolimari.cl\/wp-content\/uploads\/2021\/09\/13.9-junji-1024x576.jpg 1024w, https:\/\/www.radiolimari.cl\/wp-content\/uploads\/2021\/09\/13.9-junji.jpg 2048w\" sizes=\"(max-width: 300px) 100vw, 300px\" \/><\/a><\/p>\n<p><i style=\"color: #222222;\">El consumo de alimentos bajos en materia grasa y la ingesta de abundante l\u00edquido, son algunas de las principales recomendaciones que se deben tener en cuenta.<\/i><!--more--><\/p>\n<div style=\"color: #222222;\">A pocos d\u00edas de un nuevo aniversario patrio, desde la Junta Nacional de Jardines Infantiles (JUNJI), regi\u00f3n de Coquimbo, la nutricionista Gladys Silva, recomienda a las familias promover una alimentaci\u00f3n centrada en dos l\u00edneas preventivas, una enfocada en los protocolos de autocuidado y la otra, en una alimentaci\u00f3n balanceada y saludable.<\/div>\n<div style=\"color: #222222;\">\n\u201cLa primera est\u00e1 asociada a cuidar la alimentaci\u00f3n de ni\u00f1os y ni\u00f1as por medio de \u00a0la implementaci\u00f3n de medidas sanitarias como respetar los aforos \u00a0de 20 personas por recinto o espacio \u00a0del hogar, marcar el vaso de cada persona o usar diferentes colores, evitar el consumo de alimentos de recipientes compartidos, mantener la distancia f\u00edsica al momento de preparar las comidas, usar la mascarilla si no se est\u00e1 comiendo, desechar inmediatamente las servilletas tras ser utilizadas, desinfectar los objetos y muebles en los que se va a compartir y ventilar los espacios\u201d, se\u00f1ala Silva.<\/div>\n<div style=\"color: #222222;\">\nLa profesional enfatiza en que se deben evitar conductas como toser, estornudar o fumar en la zona donde son preparadas las comidas.<\/div>\n<div style=\"color: #222222;\">\nRespecto del consumo de alimentos en ni\u00f1os y ni\u00f1as, Silva, manifiesta que \u201cla segunda l\u00ednea va, en que los menores de tres a\u00f1os deben ingerir carnes con menor cantidad de grasa, como pollo, pavo y pescado. Evitar al m\u00e1ximo posible los embutidos como el chorizo, longaniza, vienesas, prietas, hamburguesas, ya que son altos en sodio y colesterol. Podemos reemplazar las empanadas y choripanes, que tienen un alto contenido en calor\u00edas, por peque\u00f1os trozos de pechuga de pollo a la parrilla\u201d.<\/div>\n<div style=\"color: #222222;\">\nAsimismo, la nutricionista recalca en que se deben respetar los horarios y comidas habituales.<\/div>\n<div style=\"color: #222222;\">\nEn el caso de ni\u00f1os mayores de tres a\u00f1os se puede hacer excepciones, siempre y cuando se resguarde el consumo de alimentos sin sellos, los que no deben ser altos en calor\u00edas, grasas o sal.<\/div>\n<div style=\"color: #222222;\">\nEn esa l\u00ednea, sugiere que las carnes deben ser acompa\u00f1adas con ensaladas de distintos colores y una peque\u00f1a porci\u00f3n de arroz, pastas, choclo, papa, tomate, cebolla, lechuga o apio.<\/div>\n<div style=\"color: #222222;\">\nUno de los alimentos que aconseja que los ni\u00f1os no deben consumir son los helados, ya que la diferencia de temperaturas puede provocar fuertes molestias estomacales. As\u00ed tambi\u00e9n las bebidas de fantas\u00eda, por lo que recomienda el consumo de agua sola, con rodelas de frutas (naranja, lim\u00f3n, pera, manzana o pepino) y jugos de fruta natural sin az\u00facar.<\/div>\n<div style=\"color: #222222;\">\nRespecto de la preparaci\u00f3n de los alimentos, recomienda la utilizaci\u00f3n de hierbas arom\u00e1ticas para realzar los sabores.<br \/>\n\u201cEl cilantro, perejil, albahaca, or\u00e9gano, ciboulette, entre otros, son alternativas saludables para condimentar las comidas, as\u00ed evitamos ocupar excesos de sal y aceites\u201d.<\/div>\n<div style=\"color: #222222;\">\nPor su parte, el director regional de la JUNJI, Tom\u00e1s Gonz\u00e1lez, hace un llamado a disfrutar estas fiestas patrias en familia y a no descuidar la alimentaci\u00f3n de los ni\u00f1os y ni\u00f1as.<\/div>\n<div style=\"color: #222222;\">\n\u201cPara nuestra instituci\u00f3n es importante promover una alimentaci\u00f3n desde el autocuidado y lo saludable, considerando que somos uno de los pa\u00edses de la OCDE con mayor \u00edndice de sobrepeso, por lo tanto, nuestra estrategia en este sentido ha sido generar conciencia en las familias para incentivar h\u00e1bitos alimenticios que no afecten el desarrollo y crecimientos de los ni\u00f1os, estimulando el consumo de frutas, vegetales y agua natural\u201d, puntualiz\u00f3.<\/div>\n","protected":false},"excerpt":{"rendered":"<p>El consumo de alimentos bajos en materia grasa y la ingesta de abundante l\u00edquido, son algunas de las principales recomendaciones que se deben tener en cuenta.<\/p>\n","protected":false},"author":2,"featured_media":5794,"comment_status":"open","ping_status":"open","sticky":false,"template":"","format":"standard","meta":{"footnotes":""},"categories":[6],"tags":[],"class_list":["post-5793","post","type-post","status-publish","format-standard","has-post-thumbnail","hentry","category-regionales"],"_links":{"self":[{"href":"https:\/\/www.radiolimari.cl\/index.php?rest_route=\/wp\/v2\/posts\/5793","targetHints":{"allow":["GET"]}}],"collection":[{"href":"https:\/\/www.radiolimari.cl\/index.php?rest_route=\/wp\/v2\/posts"}],"about":[{"href":"https:\/\/www.radiolimari.cl\/index.php?rest_route=\/wp\/v2\/types\/post"}],"author":[{"embeddable":true,"href":"https:\/\/www.radiolimari.cl\/index.php?rest_route=\/wp\/v2\/users\/2"}],"replies":[{"embeddable":true,"href":"https:\/\/www.radiolimari.cl\/index.php?rest_route=%2Fwp%2Fv2%2Fcomments&post=5793"}],"version-history":[{"count":1,"href":"https:\/\/www.radiolimari.cl\/index.php?rest_route=\/wp\/v2\/posts\/5793\/revisions"}],"predecessor-version":[{"id":5795,"href":"https:\/\/www.radiolimari.cl\/index.php?rest_route=\/wp\/v2\/posts\/5793\/revisions\/5795"}],"wp:featuredmedia":[{"embeddable":true,"href":"https:\/\/www.radiolimari.cl\/index.php?rest_route=\/wp\/v2\/media\/5794"}],"wp:attachment":[{"href":"https:\/\/www.radiolimari.cl\/index.php?rest_route=%2Fwp%2Fv2%2Fmedia&parent=5793"}],"wp:term":[{"taxonomy":"category","embeddable":true,"href":"https:\/\/www.radiolimari.cl\/index.php?rest_route=%2Fwp%2Fv2%2Fcategories&post=5793"},{"taxonomy":"post_tag","embeddable":true,"href":"https:\/\/www.radiolimari.cl\/index.php?rest_route=%2Fwp%2Fv2%2Ftags&post=5793"}],"curies":[{"name":"wp","href":"https:\/\/api.w.org\/{rel}","templated":true}]}}