{"id":5783,"date":"2021-09-09T19:53:05","date_gmt":"2021-09-09T19:53:05","guid":{"rendered":"http:\/\/www.radiolimari.cl\/?p=5783"},"modified":"2021-09-09T19:53:05","modified_gmt":"2021-09-09T19:53:05","slug":"historico-primer-encuentro-de-gobernadores-regionales-busca-agilizar-y-profundizar-el-proceso-de-descentralizacion","status":"publish","type":"post","link":"https:\/\/www.radiolimari.cl\/?p=5783","title":{"rendered":"Hist\u00f3rico primer Encuentro de Gobernadores Regionales busca agilizar y profundizar el proceso de descentralizaci\u00f3n"},"content":{"rendered":"<p><a href=\"https:\/\/www.radiolimari.cl\/wp-content\/uploads\/2021\/09\/9.9-gpbernadores.jpeg\"><img fetchpriority=\"high\" decoding=\"async\" class=\"alignnone size-medium wp-image-5784\" src=\"https:\/\/www.radiolimari.cl\/wp-content\/uploads\/2021\/09\/9.9-gpbernadores-300x225.jpeg\" alt=\"9.9 gpbernadores\" width=\"300\" height=\"225\" srcset=\"https:\/\/www.radiolimari.cl\/wp-content\/uploads\/2021\/09\/9.9-gpbernadores-300x225.jpeg 300w, https:\/\/www.radiolimari.cl\/wp-content\/uploads\/2021\/09\/9.9-gpbernadores.jpeg 1024w\" sizes=\"(max-width: 300px) 100vw, 300px\" \/><\/a><\/p>\n<p>&nbsp;<\/p>\n<p><strong>La instancia se desarrolla en la comuna de Concepci\u00f3n, Regi\u00f3n del BioB\u00edo, y considera la participaci\u00f3n de constituyentes y candidatos presidenciales. El trabajo de las delegaciones regionales se organiza en siete comisiones de trabajo.<\/strong><!--more--><\/p>\n<p>En la Regi\u00f3n del Biob\u00edo, particularmente en Concepci\u00f3n, se lleva a cabo el Primer Encuentro Nacional de Gobernadores Regionales, entre el 8 y el 10 de septiembre. Una instancia cuyo objetivo es marcar un hito en materia de descentralizaci\u00f3n, generando demandas respecto del traspaso de competencias y otras \u00e1reas cr\u00edticas para la naciente institucionalidad.<\/p>\n<p>Tres d\u00edas de trabajo en que se escuchar\u00e1n las propuestas de las y los candidatos a la Presidencia, quienes han sido invitados a participar y exponer su agenda regional, se sostendr\u00e1n reuniones con los constituyentes y se trabajar\u00e1 sobre la base de los resultados de la encuesta \u201cChile Regional y Descentralizado\u201d.<\/p>\n<p>Como detall\u00f3 la Gobernadora Krist Naranjo, <strong>\u201cha sido una acci\u00f3n conjunta con la Asociaci\u00f3n de Gobernadores Regionales, una instancia muy importante en la que vamos a poder deliberar en materias fundamentales para nuestra articulaci\u00f3n en el d\u00eda a d\u00eda. Necesitamos generar las condiciones y se\u00f1alar los puntos m\u00e1s importantes para poder legitimar la democracia a nivel regional. Nuestras regiones merecen mucho m\u00e1s y las personas est\u00e1n muy esperanzadas en lo que nosotros podamos dar como Gobernadores, por lo que necesitamos tener tambi\u00e9n las atribuciones necesarias para responder en cada \u00e1mbito y ante cada desaf\u00edo en nuestro Chile, nuestras regiones y, en particular, en nuestra regi\u00f3n de Coquimbo\u201d.<\/strong><\/p>\n<p><strong>Trabajo de comisiones<\/strong><\/p>\n<p>Las delegaciones de los 16 Gobiernos Regionales dividieron su trabajo en seis comisiones: Financiamiento para el desarrollo regional; Ordenamiento territorial y medio ambiente; descentralizaci\u00f3n y traspaso de competencias en Fomento e Industria; Descentralizaci\u00f3n y traspaso de competencias en Infraestructura y Transporte; Descentralizaci\u00f3n y traspaso de competencias en Desarrollo Social y Humano; Descentralizaci\u00f3n y traspaso de competencias en otros \u00e1mbitos; Innovaci\u00f3n, Ciencia y Tecnolog\u00eda.<\/p>\n<p>La Gobernadora de Coquimbo, Krist Naranjo, encabeza la comisi\u00f3n de Ordenamiento territorial y medio ambiente junto al Gobernador de Valpara\u00edso, Rodrigo Mundaca.<\/p>\n","protected":false},"excerpt":{"rendered":"<p>&nbsp; La instancia se desarrolla en la comuna de Concepci\u00f3n, Regi\u00f3n del BioB\u00edo, y considera la participaci\u00f3n de constituyentes y candidatos presidenciales. El trabajo de las delegaciones regionales se organiza en siete comisiones de trabajo.<\/p>\n","protected":false},"author":2,"featured_media":5784,"comment_status":"open","ping_status":"open","sticky":false,"template":"","format":"standard","meta":{"footnotes":""},"categories":[3],"tags":[],"class_list":["post-5783","post","type-post","status-publish","format-standard","has-post-thumbnail","hentry","category-actualidad"],"_links":{"self":[{"href":"https:\/\/www.radiolimari.cl\/index.php?rest_route=\/wp\/v2\/posts\/5783","targetHints":{"allow":["GET"]}}],"collection":[{"href":"https:\/\/www.radiolimari.cl\/index.php?rest_route=\/wp\/v2\/posts"}],"about":[{"href":"https:\/\/www.radiolimari.cl\/index.php?rest_route=\/wp\/v2\/types\/post"}],"author":[{"embeddable":true,"href":"https:\/\/www.radiolimari.cl\/index.php?rest_route=\/wp\/v2\/users\/2"}],"replies":[{"embeddable":true,"href":"https:\/\/www.radiolimari.cl\/index.php?rest_route=%2Fwp%2Fv2%2Fcomments&post=5783"}],"version-history":[{"count":1,"href":"https:\/\/www.radiolimari.cl\/index.php?rest_route=\/wp\/v2\/posts\/5783\/revisions"}],"predecessor-version":[{"id":5785,"href":"https:\/\/www.radiolimari.cl\/index.php?rest_route=\/wp\/v2\/posts\/5783\/revisions\/5785"}],"wp:featuredmedia":[{"embeddable":true,"href":"https:\/\/www.radiolimari.cl\/index.php?rest_route=\/wp\/v2\/media\/5784"}],"wp:attachment":[{"href":"https:\/\/www.radiolimari.cl\/index.php?rest_route=%2Fwp%2Fv2%2Fmedia&parent=5783"}],"wp:term":[{"taxonomy":"category","embeddable":true,"href":"https:\/\/www.radiolimari.cl\/index.php?rest_route=%2Fwp%2Fv2%2Fcategories&post=5783"},{"taxonomy":"post_tag","embeddable":true,"href":"https:\/\/www.radiolimari.cl\/index.php?rest_route=%2Fwp%2Fv2%2Ftags&post=5783"}],"curies":[{"name":"wp","href":"https:\/\/api.w.org\/{rel}","templated":true}]}}