{"id":5772,"date":"2021-09-09T18:14:10","date_gmt":"2021-09-09T18:14:10","guid":{"rendered":"http:\/\/www.radiolimari.cl\/?p=5772"},"modified":"2021-09-09T18:14:10","modified_gmt":"2021-09-09T18:14:10","slug":"121-pases-de-movilidad-bloqueados-en-la-region-por-no-cumplir-con-la-normativa-sanitaria","status":"publish","type":"post","link":"https:\/\/www.radiolimari.cl\/?p=5772","title":{"rendered":"121 Pases de Movilidad bloqueados en la regi\u00f3n por no cumplir con la normativa sanitaria"},"content":{"rendered":"<p><a href=\"https:\/\/www.radiolimari.cl\/wp-content\/uploads\/2021\/09\/9.9-pases-de-movilidad.jpeg\"><img fetchpriority=\"high\" decoding=\"async\" class=\"alignnone size-medium wp-image-5773\" src=\"https:\/\/www.radiolimari.cl\/wp-content\/uploads\/2021\/09\/9.9-pases-de-movilidad-300x224.jpeg\" alt=\"9.9 pases de movilidad\" width=\"300\" height=\"224\" srcset=\"https:\/\/www.radiolimari.cl\/wp-content\/uploads\/2021\/09\/9.9-pases-de-movilidad-300x224.jpeg 300w, https:\/\/www.radiolimari.cl\/wp-content\/uploads\/2021\/09\/9.9-pases-de-movilidad-1024x766.jpeg 1024w, https:\/\/www.radiolimari.cl\/wp-content\/uploads\/2021\/09\/9.9-pases-de-movilidad.jpeg 1280w\" sizes=\"(max-width: 300px) 100vw, 300px\" \/><\/a><\/p>\n<p>En un nuevo balance sanitario con la situaci\u00f3n del Covid_19, el Seremi de Salud Alejandro Garc\u00eda entreg\u00f3 informaci\u00f3n relacionada a los bloqueos del Pase de Movilidad a nivel regional<!--more--><\/p>\n<p>\u201cA la fecha existen 121 Pases de Movilidad bloqueados a nivel regional, por incumplimientos a la normativa sanitaria. El 74% de las sanciones corresponden a incumplimientos graves del plan Paso a Paso y el resto se divide entre faltas a la cuarentena del viajero y a no seguir el aislamiento, ya sea por caso confirmado, contacto estrecho o probable\u201d, se\u00f1al\u00f3 el Seremi de Salud Alejandro Garc\u00eda Carre\u00f1o.<\/p>\n<p>En esa misma l\u00ednea, la Autoridad Sanitaria se refiri\u00f3 a las multas asociadas a este incumplimiento.<\/p>\n<p>\u201cLos infractores pueden recuperar su pase al pagar la multa correspondiente al sumario sanitario, que va desde 0,1 a 1.000 UTM, dependiendo de la gravedad de la infracci\u00f3n y la reincidencia, pero en el intertanto quedan aislados de varias actividades\u201d, agreg\u00f3.<\/p>\n<p>Finalmente, el Seremi Garc\u00eda enfatiz\u00f3 en que \u201cel llamado es a seguir cuid\u00e1ndonos y ser responsables con la normativa sanitaria, s\u00f3lo as\u00ed se evitar\u00e1n alg\u00fan tipo de sanci\u00f3n asociada\u201d.<\/p>\n<p><strong>Balance sanitario<\/strong><\/p>\n<p>Para este jueves 9 de septiembre se anunciaron 2 nuevos fallecidos a nivel regional a causa de Covid_19, 1 de Coquimbo y 1 de Ovalle.<\/p>\n<p>En relaci\u00f3n al reporte sanitario de hoy se notificaron, \u201c11 casos nuevos de Coronavirus, 3 de La Serena, 4 de Coquimbo, 1 de Andacollo, 1 de Vicu\u00f1a, 1 de Combarbal\u00e1, y 1 de Monte Patria. Con esto, se contabilizan 48.440 casos acumulados, con 110 contagios activos\u201d, agreg\u00f3 el Seremi de Salud Alejandro Garc\u00eda.<\/p>\n<p>\u201cAdem\u00e1s, hoy se anunci\u00f3 un nuevo cambio a nivel regional en relaci\u00f3n al Plan Paso a Paso. Es as\u00ed, que a partir del pr\u00f3ximo s\u00e1bado 11 de septiembre a las 05:00 la comuna de Andacollo avanzar\u00e1 a Paso 4 de Apertura\u201d, finaliz\u00f3 la Autoridad Sanitaria.<\/p>\n<p>Por su parte, nuestra estrategia de Residencias Sanitarias tiene actualmente una ocupaci\u00f3n de un 43%, con 67 habitaciones disponibles a nivel regional.<strong>\u00a0<\/strong><\/p>\n<p><strong>BALANCE REGI\u00d3N DE COQUIMBO<\/strong><\/p>\n<p><strong>Jueves 9 de septiembre del 2021<\/strong><\/p>\n<p>11 casos nuevos<\/p>\n<p>48.440 casos acumulados<\/p>\n<p>110 casos activos<\/p>\n<p>1.008 total fallecidos<\/p>\n<p>Residencias Sanitarias: 43% de ocupaci\u00f3n<\/p>\n<p>Detalle Casos Nuevos:<\/p>\n<ul>\n<li>03 de La Serena<\/li>\n<li>04 de Coquimbo<\/li>\n<li>01 de Andacollo<\/li>\n<li>01 de Vicu\u00f1a<\/li>\n<li>01 de Combarbal\u00e1<\/li>\n<li>01 de Monte Patria<\/li>\n<\/ul>\n<p>&nbsp;<\/p>\n","protected":false},"excerpt":{"rendered":"<p>En un nuevo balance sanitario con la situaci\u00f3n del Covid_19, el Seremi de Salud Alejandro Garc\u00eda entreg\u00f3 informaci\u00f3n relacionada a los bloqueos del Pase de Movilidad a nivel regional<\/p>\n","protected":false},"author":2,"featured_media":5773,"comment_status":"open","ping_status":"open","sticky":false,"template":"","format":"standard","meta":{"footnotes":""},"categories":[3],"tags":[],"class_list":["post-5772","post","type-post","status-publish","format-standard","has-post-thumbnail","hentry","category-actualidad"],"_links":{"self":[{"href":"https:\/\/www.radiolimari.cl\/index.php?rest_route=\/wp\/v2\/posts\/5772","targetHints":{"allow":["GET"]}}],"collection":[{"href":"https:\/\/www.radiolimari.cl\/index.php?rest_route=\/wp\/v2\/posts"}],"about":[{"href":"https:\/\/www.radiolimari.cl\/index.php?rest_route=\/wp\/v2\/types\/post"}],"author":[{"embeddable":true,"href":"https:\/\/www.radiolimari.cl\/index.php?rest_route=\/wp\/v2\/users\/2"}],"replies":[{"embeddable":true,"href":"https:\/\/www.radiolimari.cl\/index.php?rest_route=%2Fwp%2Fv2%2Fcomments&post=5772"}],"version-history":[{"count":1,"href":"https:\/\/www.radiolimari.cl\/index.php?rest_route=\/wp\/v2\/posts\/5772\/revisions"}],"predecessor-version":[{"id":5774,"href":"https:\/\/www.radiolimari.cl\/index.php?rest_route=\/wp\/v2\/posts\/5772\/revisions\/5774"}],"wp:featuredmedia":[{"embeddable":true,"href":"https:\/\/www.radiolimari.cl\/index.php?rest_route=\/wp\/v2\/media\/5773"}],"wp:attachment":[{"href":"https:\/\/www.radiolimari.cl\/index.php?rest_route=%2Fwp%2Fv2%2Fmedia&parent=5772"}],"wp:term":[{"taxonomy":"category","embeddable":true,"href":"https:\/\/www.radiolimari.cl\/index.php?rest_route=%2Fwp%2Fv2%2Fcategories&post=5772"},{"taxonomy":"post_tag","embeddable":true,"href":"https:\/\/www.radiolimari.cl\/index.php?rest_route=%2Fwp%2Fv2%2Ftags&post=5772"}],"curies":[{"name":"wp","href":"https:\/\/api.w.org\/{rel}","templated":true}]}}