{"id":5757,"date":"2021-09-09T12:50:57","date_gmt":"2021-09-09T12:50:57","guid":{"rendered":"http:\/\/www.radiolimari.cl\/?p=5757"},"modified":"2021-09-09T12:54:48","modified_gmt":"2021-09-09T12:54:48","slug":"taller-de-panaderia-beneficia-a-20-jovenes-de-la-residencia-oscar-pereira-de-coquimbo","status":"publish","type":"post","link":"https:\/\/www.radiolimari.cl\/?p=5757","title":{"rendered":"Taller de panader\u00eda beneficia a 20 j\u00f3venes de la Residencia \u00d3scar Pereira de Coquimbo"},"content":{"rendered":"<p><a href=\"https:\/\/www.radiolimari.cl\/wp-content\/uploads\/2021\/09\/9.9-panaderia.jpg\"><img fetchpriority=\"high\" decoding=\"async\" class=\"alignnone size-medium wp-image-5758\" src=\"https:\/\/www.radiolimari.cl\/wp-content\/uploads\/2021\/09\/9.9-panaderia-300x225.jpg\" alt=\"9.9 panaderia\" width=\"300\" height=\"225\" srcset=\"https:\/\/www.radiolimari.cl\/wp-content\/uploads\/2021\/09\/9.9-panaderia-300x225.jpg 300w, https:\/\/www.radiolimari.cl\/wp-content\/uploads\/2021\/09\/9.9-panaderia.jpg 1024w\" sizes=\"(max-width: 300px) 100vw, 300px\" \/><\/a><\/p>\n<p>&nbsp;<\/p>\n<p><strong><em>La actividad se realiza en alianza con el Grupo de Mujeres de La Rinconada, quienes lograron que esta iniciativa se adjudicara el Fondo de Fortalecimiento de Organizaciones de Inter\u00e9s P\u00fablico de Segegob<\/em><\/strong><!--more--><\/p>\n<p>Contribuir a potenciar sus terapias y, en un futuro, poder convertirse en un emprendimiento para los j\u00f3venes de la Residencia \u00d3scar Pereira de Coquimbo, son los objetivos del taller de panader\u00eda que est\u00e1 desarrollando la instituci\u00f3n con 20 beneficiarios.<\/p>\n<p>El proyecto es desarrollado gracias a un trabajo conjunto, entre la Residencia y el Grupo de Mujeres La Rinconada, quienes ganaron el Fondo de Fortalecimiento de Segegob para financiar para la compra de implementos. Asimismo, esta actividad, tambi\u00e9n, est\u00e1 siendo apoyada por la Asociaci\u00f3n Gremial Empresarios Panaderos y Pasteleros Regi\u00f3n de Coquimbo (AGESPAN) que est\u00e1n aportando con insumos.<\/p>\n<p><strong>\u201cYo creo que las organizaciones tenemos que ser transversales. No podemos quedarnos en nuestra preocupaci\u00f3n, si podemos ayudar. Y la idea de los dirigentes es aportar siempre a la comunidad u otras comunidades como la de la residencia. Estamos felices de poder ayudar, sobre todo a estos ni\u00f1os que son m\u00e1s vulnerables que los que est\u00e1n con sus familias\u201d, expres\u00f3 Elena Varela, presidenta de la Agrupaci\u00f3n de Mujeres de La Rinconada.<\/strong><\/p>\n<p>Por su parte, el Alcalde de Coquimbo,Al\u00ed Manouchehri, destac\u00f3 el proyecto y manifest\u00f3 que el municipio continuar\u00e1 apoyando este tipo de iniciativas. <strong>\u201cEstamos muy contentos acompa\u00f1ando a los ni\u00f1os en su nueva panader\u00eda inclusiva, donde buscamos tambi\u00e9n generar las instancias en que ellos puedan capacitarse y, lo m\u00e1s importante, donde ellos puedan integrarse laboralmente. Nosotros tenemos que tener una comuna inclusiva, por lo que esperamos seguir acompa\u00f1ando y potenciando estas actividades para que el d\u00eda de ma\u00f1ana sean m\u00e1s grandes, participen m\u00e1s gente y que nosotros podamos ser part\u00edcipes de este desaf\u00edo\u201d, se\u00f1al\u00f3 el edil porte\u00f1o<\/strong>.<\/p>\n<p>El taller de panader\u00eda considera la realizaci\u00f3n de 7 m\u00f3dulos que abarcan desde el conocimiento de la masa y sus ingredientes hasta la utilizaci\u00f3n de las maquinarias, proceso de ense\u00f1anza que est\u00e1 siendo impartido por la monitora Nancy Andrew. <strong>\u201cYo he aprendido mucho con ellos al ver la facilidad y habilidad que tienen y que pueden desarrollar. Esto ha sido muy beneficioso para ellos, porque si quisieran integrarse, el d\u00eda de ma\u00f1ana, hay muchos que s\u00ed podr\u00edan hacerlo. Ellos saben trabajar en equipo y eso tambi\u00e9n importante, porque al menos en el rubro de la panader\u00eda se trabaja as\u00ed\u201d, indic\u00f3 la relatora.<\/strong><strong>\u00a0<\/strong><\/p>\n<p>Justamente, uno de los participantes, Carlos Carrasco, destac\u00f3 la oportunidad que se genera en esta actividad, porque no s\u00f3lo est\u00e1n aprendiendo algo nuevo, sino que tambi\u00e9n este trabajo apoya su desarrollo. <strong>\u201cMe gusta aprender lo que nos ense\u00f1an en el taller. Es bueno para m\u00ed y mis compa\u00f1eros y nos sirve para terapia. Lo disfrutamos mucho\u201d.<\/strong><strong>\u00a0<\/strong><\/p>\n<p>Para finalizar, el Vocero de Gobierno, Ignacio Pinto, valor\u00f3 las alianzas que se han generado en torno a esta iniciativa de la residencia, donde participan las organizaciones sociales, el Municipio y el Gobierno.<strong> \u201cObviamente, se genera una alianza que es tremendamente virtuosa y que nos deja muy contentos, porque vemos los resultados en las caras de estos ni\u00f1os, la felicidad que ellos tienen y en las esperanzas que surgen a partir de este trabajo que est\u00e1n desarrollando, porque, finalmente, lo que ellos est\u00e1n pidiendo es mayor inclusi\u00f3n, mayor autonom\u00eda y poder, tambi\u00e9n, tener habilidades que les permitan desenvolverse en el mundo laboral con mayor tranquilidad\u201d.<\/strong><strong>\u00a0<\/strong><\/p>\n<p><strong>Residencia \u00d3scar Pereira Tapia. <\/strong>Se trata de un recinto que data de 1981 y que entrega un servicio \u00fanico a nivel nacional, ya que atiende a ni\u00f1os, ni\u00f1as y adolescentes que sufren graves vulneraciones de derechos y, a su vez, presentan discapacidad severa o profunda.<\/p>\n","protected":false},"excerpt":{"rendered":"<p>&nbsp; La actividad se realiza en alianza con el Grupo de Mujeres de La Rinconada, quienes lograron que esta iniciativa se adjudicara el Fondo de Fortalecimiento de Organizaciones de Inter\u00e9s P\u00fablico de Segegob<\/p>\n","protected":false},"author":2,"featured_media":5758,"comment_status":"open","ping_status":"open","sticky":false,"template":"","format":"standard","meta":{"footnotes":""},"categories":[6],"tags":[],"class_list":["post-5757","post","type-post","status-publish","format-standard","has-post-thumbnail","hentry","category-regionales"],"_links":{"self":[{"href":"https:\/\/www.radiolimari.cl\/index.php?rest_route=\/wp\/v2\/posts\/5757","targetHints":{"allow":["GET"]}}],"collection":[{"href":"https:\/\/www.radiolimari.cl\/index.php?rest_route=\/wp\/v2\/posts"}],"about":[{"href":"https:\/\/www.radiolimari.cl\/index.php?rest_route=\/wp\/v2\/types\/post"}],"author":[{"embeddable":true,"href":"https:\/\/www.radiolimari.cl\/index.php?rest_route=\/wp\/v2\/users\/2"}],"replies":[{"embeddable":true,"href":"https:\/\/www.radiolimari.cl\/index.php?rest_route=%2Fwp%2Fv2%2Fcomments&post=5757"}],"version-history":[{"count":3,"href":"https:\/\/www.radiolimari.cl\/index.php?rest_route=\/wp\/v2\/posts\/5757\/revisions"}],"predecessor-version":[{"id":5761,"href":"https:\/\/www.radiolimari.cl\/index.php?rest_route=\/wp\/v2\/posts\/5757\/revisions\/5761"}],"wp:featuredmedia":[{"embeddable":true,"href":"https:\/\/www.radiolimari.cl\/index.php?rest_route=\/wp\/v2\/media\/5758"}],"wp:attachment":[{"href":"https:\/\/www.radiolimari.cl\/index.php?rest_route=%2Fwp%2Fv2%2Fmedia&parent=5757"}],"wp:term":[{"taxonomy":"category","embeddable":true,"href":"https:\/\/www.radiolimari.cl\/index.php?rest_route=%2Fwp%2Fv2%2Fcategories&post=5757"},{"taxonomy":"post_tag","embeddable":true,"href":"https:\/\/www.radiolimari.cl\/index.php?rest_route=%2Fwp%2Fv2%2Ftags&post=5757"}],"curies":[{"name":"wp","href":"https:\/\/api.w.org\/{rel}","templated":true}]}}