{"id":5751,"date":"2021-09-08T18:48:49","date_gmt":"2021-09-08T18:48:49","guid":{"rendered":"http:\/\/www.radiolimari.cl\/?p=5751"},"modified":"2021-09-08T18:48:49","modified_gmt":"2021-09-08T18:48:49","slug":"en-visperas-de-fiestas-patrias-fiscalizan-supermercados-y-locales-de-venta-de-carne","status":"publish","type":"post","link":"https:\/\/www.radiolimari.cl\/?p=5751","title":{"rendered":"En v\u00edsperas de Fiestas Patrias fiscalizan supermercados y locales de venta de carne"},"content":{"rendered":"<p><a href=\"https:\/\/www.radiolimari.cl\/wp-content\/uploads\/2021\/09\/8.9-seremi-salud-carnes.jpg\"><img fetchpriority=\"high\" decoding=\"async\" class=\"alignnone size-medium wp-image-5752\" src=\"https:\/\/www.radiolimari.cl\/wp-content\/uploads\/2021\/09\/8.9-seremi-salud-carnes-300x168.jpg\" alt=\"8.9 seremi salud carnes\" width=\"300\" height=\"168\" srcset=\"https:\/\/www.radiolimari.cl\/wp-content\/uploads\/2021\/09\/8.9-seremi-salud-carnes-300x168.jpg 300w, https:\/\/www.radiolimari.cl\/wp-content\/uploads\/2021\/09\/8.9-seremi-salud-carnes-1024x576.jpg 1024w, https:\/\/www.radiolimari.cl\/wp-content\/uploads\/2021\/09\/8.9-seremi-salud-carnes.jpg 1032w\" sizes=\"(max-width: 300px) 100vw, 300px\" \/><\/a><\/p>\n<p><strong><em>Autoridades promovieron el llamado a comprar en lugares establecidos y a leer atentamente los etiquetados de los productos.<\/em><\/strong><!--more--><\/p>\n<p>Con un recorrido por supermercados, establecimientos de alimentos y locales de expendio de carne, la Seremi de Salud reforz\u00f3 las fiscalizaciones en el marco del \u201cPlan Preventivo de Fiestas Patrias 2021\u201d.<\/p>\n<p>En estas fechas aumenta considerablemente el consumo de estos productos, por eso la importancia que los establecimientos que elaboren y expendan carnes frescas y\/o procesadas implementen Buenas Pr\u00e1cticas de Manufactura y de Higiene en todos sus procesos.<\/p>\n<p>\u201cSe debe comprar siempre en lugares establecidos\u201d, indic\u00f3 el Seremi de Salud, Alejandro Garc\u00eda, luego de participar en uno de los operativos en un supermercado de La Serena junto a los profesionales de la Oficina Comunal de la instituci\u00f3n. \u201cAdem\u00e1s se debe ver la calidad de la carne, que el producto tenga una procedencia establecida, que tenga una fecha de vencimiento bastante alejada de la fecha del consumo del producto, que tenga la temperatura adecuada y tambi\u00e9n las caracter\u00edsticas propias del producto, por ejemplo, un color marmoleado, que no tenga co\u00e1gulos, que no tenga zonas de otro color en la carne, que la grasa est\u00e9 bastante n\u00edtida y que est\u00e9 toda la carne blanda\u201d, agreg\u00f3 la Autoridad Sanitaria.<\/p>\n<p>Lo que se revisa en cada fiscalizaci\u00f3n es que no se comercialicen carnes y subproductos comestibles que presenten caracter\u00edsticas organol\u00e9pticas (color, olor, sabor y textura) alteradas por causas f\u00edsicas, qu\u00edmicas o biol\u00f3gicas; o que provengan de animales mortecinos (moribundos o recientemente fallecidos); o que contengan sustancias tales como hormonas sint\u00e9ticas, residuos de medicamentos veterinarios, antis\u00e9pticos y aditivos por sobre los l\u00edmites permitidos por el Ministerio de Salud.<\/p>\n<p>El Seremi Garc\u00eda tambi\u00e9n entreg\u00f3 algunas recomendaciones para los compradores. \u201cDespu\u00e9s de comprar la carne, se debe llevar a la casa r\u00e1pidamente para refrigerarla. Recordar que siempre se debe mantener en cadena de fr\u00edo y posteriormente cuando se prepare, mantener todos los productos separados para no tener reacciones cruzadas con otras bacterias que puedan existir, por ejemplo, en los vegetales\u201d, explic\u00f3.<\/p>\n<p>Otras recomendaciones para la poblaci\u00f3n:<\/p>\n<p>&#8211;\u00a0\u00a0\u00a0\u00a0\u00a0\u00a0\u00a0\u00a0\u00a0 La carne reci\u00e9n faenada debe tener apariencia marm\u00f3rea, con superficie brillante, ligeramente h\u00fameda y el\u00e1stica al tacto.<\/p>\n<p>&#8211;\u00a0\u00a0\u00a0\u00a0\u00a0\u00a0\u00a0\u00a0\u00a0 El olor y el color deben ser caracter\u00edstico de la especie; la grasa debe ser firme al tacto y no debe contener zonas o puntos hemorr\u00e1gicos.<\/p>\n<p>&#8211;\u00a0\u00a0\u00a0\u00a0\u00a0\u00a0\u00a0\u00a0\u00a0 La temperatura de refrigeraci\u00f3n debe estar entre 0 y 7\u00b0C en carnes rojas, entre O y 6\u00b0C en carnes de ave. Las carnes congeladas deben estar a -18\u00b0C.<\/p>\n<p>Hasta la fecha, los operativos de fiscalizaci\u00f3n por el Plan de Fiestas Patrias han finalizado con 17 sumarios sanitarios y 14 decomisos con un total de 1.118 kilos de productos c\u00e1rneos retirados de circulaci\u00f3n.<\/p>\n<p>&nbsp;<\/p>\n<p>&nbsp;<\/p>\n","protected":false},"excerpt":{"rendered":"<p>Autoridades promovieron el llamado a comprar en lugares establecidos y a leer atentamente los etiquetados de los productos.<\/p>\n","protected":false},"author":2,"featured_media":5752,"comment_status":"open","ping_status":"open","sticky":false,"template":"","format":"standard","meta":{"footnotes":""},"categories":[6],"tags":[],"class_list":["post-5751","post","type-post","status-publish","format-standard","has-post-thumbnail","hentry","category-regionales"],"_links":{"self":[{"href":"https:\/\/www.radiolimari.cl\/index.php?rest_route=\/wp\/v2\/posts\/5751","targetHints":{"allow":["GET"]}}],"collection":[{"href":"https:\/\/www.radiolimari.cl\/index.php?rest_route=\/wp\/v2\/posts"}],"about":[{"href":"https:\/\/www.radiolimari.cl\/index.php?rest_route=\/wp\/v2\/types\/post"}],"author":[{"embeddable":true,"href":"https:\/\/www.radiolimari.cl\/index.php?rest_route=\/wp\/v2\/users\/2"}],"replies":[{"embeddable":true,"href":"https:\/\/www.radiolimari.cl\/index.php?rest_route=%2Fwp%2Fv2%2Fcomments&post=5751"}],"version-history":[{"count":1,"href":"https:\/\/www.radiolimari.cl\/index.php?rest_route=\/wp\/v2\/posts\/5751\/revisions"}],"predecessor-version":[{"id":5753,"href":"https:\/\/www.radiolimari.cl\/index.php?rest_route=\/wp\/v2\/posts\/5751\/revisions\/5753"}],"wp:featuredmedia":[{"embeddable":true,"href":"https:\/\/www.radiolimari.cl\/index.php?rest_route=\/wp\/v2\/media\/5752"}],"wp:attachment":[{"href":"https:\/\/www.radiolimari.cl\/index.php?rest_route=%2Fwp%2Fv2%2Fmedia&parent=5751"}],"wp:term":[{"taxonomy":"category","embeddable":true,"href":"https:\/\/www.radiolimari.cl\/index.php?rest_route=%2Fwp%2Fv2%2Fcategories&post=5751"},{"taxonomy":"post_tag","embeddable":true,"href":"https:\/\/www.radiolimari.cl\/index.php?rest_route=%2Fwp%2Fv2%2Ftags&post=5751"}],"curies":[{"name":"wp","href":"https:\/\/api.w.org\/{rel}","templated":true}]}}