{"id":5713,"date":"2019-01-10T12:59:57","date_gmt":"2019-01-10T12:59:57","guid":{"rendered":"http:\/\/www.radiolimari.cl\/?p=5713"},"modified":"2021-09-07T20:52:53","modified_gmt":"2021-09-07T20:52:53","slug":"columna-de-opinion-no-mas-basura-ni-basural-en-punitaqui","status":"publish","type":"post","link":"https:\/\/www.radiolimari.cl\/?p=5713","title":{"rendered":"Columna de Opini\u00f3n: No m\u00e1s basura ni basural en Punitaqui"},"content":{"rendered":"<p>Columna de Opini\u00f3n<\/p>\n<p>Alcalde de Punitaqui, Carlos Araya Bugue\u00f1o<\/p>\n<p>El tema de la basura en Punitaqui por a\u00f1os fue una problem\u00e1tica, lamentablemente nunca se gener\u00f3 un plan de acci\u00f3n d\u00f3nde y c\u00f3mo depositar los residuos domiciliarios. Ante esto, ex autoridades comunales de Punitaqui decidieron echar basura en un terreno bald\u00edo que con el pasar de los a\u00f1os sus alrededores se fueron poblando.<\/p>\n<p>El terreno en poco tiempo se convirti\u00f3 en un basural donde los camiones recolectores del municipio depositaban mensualmente cientos de toneladas de desechos, como tambi\u00e9n lo hac\u00edan particulares. La situaci\u00f3n cada vez se fue complejizando m\u00e1s, malos olores, l\u00edquidos percolados e incendios amenazaban el bienestar medioambiental de la comuna y sobre todo de los hogares aleda\u00f1os.<\/p>\n<p>Una vez asumido como alcalde, tom\u00e9 cartas en el asunto. Hab\u00eda que actuar r\u00e1pido. Exist\u00edan dos f\u00f3rmulas para hacer frente a la cr\u00edtica situaci\u00f3n. Una generar el plan para levantar un vertedero legalmente autorizado, medida que tardar\u00eda a\u00f1os en materializarse o bien la segunda opci\u00f3n era sacar la basura de Punitaqui. La segunda iniciativa concretamos. Hace unos d\u00edas como alcalde firm\u00e9 un convenio entre el municipio con Minera Altos de Punitaqui y HCM Gold donde nos apoyan con recursos para cancelar los servicios de Tasui, un vertedero legalmente autorizado que se encuentra en la ciudad de Ovalle. En esta alianza el municipio es el ente que corre con la mayor carga presupuestaria<\/p>\n<p>Esta gesti\u00f3n de la actual administraci\u00f3n municipal permite sacar fuera de la comuna m\u00e1s de 300 toneladas de basura al mes y al a\u00f1o alrededor de 3.600 toneladas de residuos. Esta acci\u00f3n viene a entregar un respiro cristalino a nuestro medio ambiente y entrega tranquilidad a nuestras familias punitaquinas que se ven afectadas con la contaminaci\u00f3n que provoca el actual basural de Punitaqui<\/p>\n<p>Pero esta iniciativa, no solo contempla sacar la basura de Punitaqui sino que tambi\u00e9n generar un plan de cierre del actual vertedero y medidas preventivas como instalaci\u00f3n de puntos limpios en la comuna<\/p>\n<p>El avance y desarrollo de un pueblo no s\u00f3lo se consigue materializando obras de infraestructura o pavimentando caminos, tambi\u00e9n se logra inculcando y generando labores que permitan vivir dignamente y pensando en las nuevas generaciones. El futuro de un pueblo se construye con una mirada sustentable.<\/p>\n","protected":false},"excerpt":{"rendered":"<p>Columna de Opini\u00f3n Alcalde de Punitaqui, Carlos Araya Bugue\u00f1o El tema de la basura en Punitaqui por a\u00f1os fue una problem\u00e1tica, lamentablemente nunca se gener\u00f3 un plan de acci\u00f3n d\u00f3nde y c\u00f3mo depositar los residuos domiciliarios. Ante esto, ex autoridades comunales de Punitaqui decidieron echar basura en un terreno bald\u00edo que con el pasar de &#8230;<\/p>\n","protected":false},"author":2,"featured_media":5697,"comment_status":"open","ping_status":"open","sticky":false,"template":"","format":"standard","meta":{"footnotes":""},"categories":[5],"tags":[],"class_list":["post-5713","post","type-post","status-publish","format-standard","has-post-thumbnail","hentry","category-actualidad-limarina"],"_links":{"self":[{"href":"https:\/\/www.radiolimari.cl\/index.php?rest_route=\/wp\/v2\/posts\/5713","targetHints":{"allow":["GET"]}}],"collection":[{"href":"https:\/\/www.radiolimari.cl\/index.php?rest_route=\/wp\/v2\/posts"}],"about":[{"href":"https:\/\/www.radiolimari.cl\/index.php?rest_route=\/wp\/v2\/types\/post"}],"author":[{"embeddable":true,"href":"https:\/\/www.radiolimari.cl\/index.php?rest_route=\/wp\/v2\/users\/2"}],"replies":[{"embeddable":true,"href":"https:\/\/www.radiolimari.cl\/index.php?rest_route=%2Fwp%2Fv2%2Fcomments&post=5713"}],"version-history":[{"count":1,"href":"https:\/\/www.radiolimari.cl\/index.php?rest_route=\/wp\/v2\/posts\/5713\/revisions"}],"predecessor-version":[{"id":5714,"href":"https:\/\/www.radiolimari.cl\/index.php?rest_route=\/wp\/v2\/posts\/5713\/revisions\/5714"}],"wp:featuredmedia":[{"embeddable":true,"href":"https:\/\/www.radiolimari.cl\/index.php?rest_route=\/wp\/v2\/media\/5697"}],"wp:attachment":[{"href":"https:\/\/www.radiolimari.cl\/index.php?rest_route=%2Fwp%2Fv2%2Fmedia&parent=5713"}],"wp:term":[{"taxonomy":"category","embeddable":true,"href":"https:\/\/www.radiolimari.cl\/index.php?rest_route=%2Fwp%2Fv2%2Fcategories&post=5713"},{"taxonomy":"post_tag","embeddable":true,"href":"https:\/\/www.radiolimari.cl\/index.php?rest_route=%2Fwp%2Fv2%2Ftags&post=5713"}],"curies":[{"name":"wp","href":"https:\/\/api.w.org\/{rel}","templated":true}]}}